{"id":10117,"date":"2015-07-20T12:29:55","date_gmt":"2015-07-20T10:29:55","guid":{"rendered":"http:\/\/www.portaldelolleria.es\/?p=10117"},"modified":"2015-08-27T13:15:44","modified_gmt":"2015-08-27T11:15:44","slug":"la-publicacion-pone-en-marcha-la-maquinaria-festera-de-lolleria","status":"publish","type":"post","link":"http:\/\/www.portaldelolleria.es\/?p=10117","title":{"rendered":"La \u00abPublicaci\u00f3n\u00bb pone en marcha la \u00abmaquinaria\u00bb festera de L&#8217;Olleria"},"content":{"rendered":"<p><a href=\"http:\/\/www.portaldelolleria.es\/wp-content\/uploads\/2015\/07\/reinas2015_olleria1.jpg\"><img loading=\"lazy\" class=\"aligncenter size-full wp-image-10138\" title=\"reinas2015_olleria\" src=\"http:\/\/www.portaldelolleria.es\/wp-content\/uploads\/2015\/07\/reinas2015_olleria1.jpg\" alt=\"\" width=\"598\" height=\"398\" srcset=\"http:\/\/www.portaldelolleria.es\/wp-content\/uploads\/2015\/07\/reinas2015_olleria1.jpg 598w, http:\/\/www.portaldelolleria.es\/wp-content\/uploads\/2015\/07\/reinas2015_olleria1-300x199.jpg 300w\" sizes=\"(max-width: 598px) 100vw, 598px\" \/><\/a><\/p>\n<p style=\"text-align: justify;\">L\u2019Olleria celebra la publicaci\u00f3n de fiestas, paso previo a la Proclamaci\u00f3n de Agosto.\u00a0 Tras el tradicional desfile\u00a0 hasta la plaza de la Vila,\u00a0\u00a0 la Presidenta de la Junta, Mariola Gil, y la Publicadora\u00a0 de fiestas\u00a0 Gloria Chuli\u00e1 Lluch se dirigieron a los presentes desde el balc\u00f3n del antiguo Ayuntamiento.<\/p>\n<p style=\"text-align: justify;\">Acabado el acto protocolario, y ya en el cine Goya, abarrotado como es costumbre. El acto se iniciaba con \u00a0la entrega a la Publicadora del cuadro de nombramiento como Publicadora de las Fiestas 2015, posteriormente \u00a0el Coordinador del Libro de Moises L\u00f3pez \u00a0 hizo entrega del primer ejemplar al Alcalde y\u00a0 Concejal de Fiestas\u00a0 Juli\u00e0 Engo asi como dem\u00e1s miembros de la mesa, para pasar al resto de cargos festeros. Paula Mart\u00ed Vidal y Elsa Momp\u00f3 Albi\u00f1ana Reinas de Fiestas de L\u2019Olleria 2014 disfrutarian de\u00a0 uno de sus \u00faltimos actos de reinado, junto a sus sucesoras que ejercer\u00e1n a partir del d\u00eda de la presentaci\u00f3n, Maria Ort\u00edz Juan\u00a0 y a la ni\u00f1a Vera Ferrandis Sempere.<\/p>\n<p style=\"text-align: justify;\">La Capitan\u00eda Cristiana a cargo de la fila Pirates,\u00a0 ser\u00e1 representada por Vicente Fernando Pastor\u00a0 como Capit\u00e1n, y Juan Manuel Mic\u00f3 Garc\u00eda como embajador.\u00a0\u00a0 Por parte Mora\u00a0 seran Hig\u00ednio D\u00edaz Sauquillo y Elia Egea Mateu, como Capitan y embajadora respectivamente los encargados de representar a la fila Bohemios. El cargo de mantenedora de fiestas lo ejercer\u00e1\u00a0 Teresa Albi\u00f1ana Garc\u00eda.<\/p>\n<p style=\"text-align: justify;\">El himno de la fiesta cantado por todos, es otro de los momentos especiales de la noche, que ponen punto y final a la publicaci\u00f3n de fiestas.\u00a0\u00a0 La cuenta atr\u00e1s para las fiestas ya est\u00e1 en marcha.<\/p>\n<p style=\"text-align: justify;\">Para ver alb\u00fam fotogr\u00e1fico pulse el siguiente <a href=\"https:\/\/www.flickr.com\/photos\/134123620@N07\/albums\" target=\"_blank\">enlace<\/a><\/p>\n<p style=\"text-align: justify;\"><a href=\"http:\/\/www.portaldelolleria.es\/wp-content\/uploads\/2015\/07\/reinas2015_2olleria.jpg\"><img loading=\"lazy\" class=\"aligncenter size-full wp-image-10120\" title=\"reinas2015_2olleria\" src=\"http:\/\/www.portaldelolleria.es\/wp-content\/uploads\/2015\/07\/reinas2015_2olleria.jpg\" alt=\"\" width=\"598\" height=\"398\" srcset=\"http:\/\/www.portaldelolleria.es\/wp-content\/uploads\/2015\/07\/reinas2015_2olleria.jpg 598w, http:\/\/www.portaldelolleria.es\/wp-content\/uploads\/2015\/07\/reinas2015_2olleria-300x199.jpg 300w\" sizes=\"(max-width: 598px) 100vw, 598px\" \/><\/a><\/p>\n","protected":false},"excerpt":{"rendered":"<p>L\u2019Olleria celebra la publicaci\u00f3n de fiestas, paso previo a la Proclamaci\u00f3n de Agosto.\u00a0 Tras el tradicional desfile\u00a0 hasta la plaza de la Vila,\u00a0\u00a0 la Presidenta de la Junta, Mariola Gil, y la Publicadora\u00a0 de fiestas\u00a0 Gloria Chuli\u00e1 Lluch se dirigieron a los presentes desde el balc\u00f3n del antiguo Ayuntamiento. Acabado el acto protocolario, y ya [&hellip;]<\/p>\n","protected":false},"author":1,"featured_media":0,"comment_status":"closed","ping_status":"open","sticky":false,"template":"","format":"standard","meta":{"_monsterinsights_skip_tracking":false,"_monsterinsights_sitenote_active":false,"_monsterinsights_sitenote_note":"","_monsterinsights_sitenote_category":0},"categories":[17,12],"tags":[264,213,252],"_links":{"self":[{"href":"http:\/\/www.portaldelolleria.es\/index.php?rest_route=\/wp\/v2\/posts\/10117"}],"collection":[{"href":"http:\/\/www.portaldelolleria.es\/index.php?rest_route=\/wp\/v2\/posts"}],"about":[{"href":"http:\/\/www.portaldelolleria.es\/index.php?rest_route=\/wp\/v2\/types\/post"}],"author":[{"embeddable":true,"href":"http:\/\/www.portaldelolleria.es\/index.php?rest_route=\/wp\/v2\/users\/1"}],"replies":[{"embeddable":true,"href":"http:\/\/www.portaldelolleria.es\/index.php?rest_route=%2Fwp%2Fv2%2Fcomments&post=10117"}],"version-history":[{"count":15,"href":"http:\/\/www.portaldelolleria.es\/index.php?rest_route=\/wp\/v2\/posts\/10117\/revisions"}],"predecessor-version":[{"id":10361,"href":"http:\/\/www.portaldelolleria.es\/index.php?rest_route=\/wp\/v2\/posts\/10117\/revisions\/10361"}],"wp:attachment":[{"href":"http:\/\/www.portaldelolleria.es\/index.php?rest_route=%2Fwp%2Fv2%2Fmedia&parent=10117"}],"wp:term":[{"taxonomy":"category","embeddable":true,"href":"http:\/\/www.portaldelolleria.es\/index.php?rest_route=%2Fwp%2Fv2%2Fcategories&post=10117"},{"taxonomy":"post_tag","embeddable":true,"href":"http:\/\/www.portaldelolleria.es\/index.php?rest_route=%2Fwp%2Fv2%2Ftags&post=10117"}],"curies":[{"name":"wp","href":"https:\/\/api.w.org\/{rel}","templated":true}]}}