{"id":10242,"date":"2015-07-30T21:51:27","date_gmt":"2015-07-30T19:51:27","guid":{"rendered":"http:\/\/www.portaldelolleria.es\/?p=10242"},"modified":"2015-08-05T23:28:44","modified_gmt":"2015-08-05T21:28:44","slug":"aparatoso-accidente-a-la-salida-del-tunel-de-lolleria","status":"publish","type":"post","link":"http:\/\/www.portaldelolleria.es\/?p=10242","title":{"rendered":"Aparatoso accidente a la salida del tunel de l&#8217;Olleria"},"content":{"rendered":"<p><a href=\"http:\/\/www.portaldelolleria.es\/wp-content\/uploads\/2015\/07\/accidente.jpg\"><img loading=\"lazy\" class=\"aligncenter size-full wp-image-10243\" title=\"accidente\" src=\"http:\/\/www.portaldelolleria.es\/wp-content\/uploads\/2015\/07\/accidente.jpg\" alt=\"\" width=\"598\" height=\"398\" srcset=\"http:\/\/www.portaldelolleria.es\/wp-content\/uploads\/2015\/07\/accidente.jpg 598w, http:\/\/www.portaldelolleria.es\/wp-content\/uploads\/2015\/07\/accidente-300x199.jpg 300w\" sizes=\"(max-width: 598px) 100vw, 598px\" \/><\/a><\/p>\n<p>&nbsp;<\/p>\n<p style=\"text-align: justify;\">Una mujer de X\u00e0tiva de 58 a\u00f1os sufri\u00f3 ayer un accidente de coche a la salida del t\u00fanel de L&#8217;Olleria en direcci\u00f3n a la capital de La Costera en el que result\u00f3 herida. El incidente tuvo lugar sobre las seis de la tarde y no se vi\u00f3 implicado ning\u00fan otro veh\u00edculo.\u00a0 Las primeras atenciones las ofrecieron a los conductores de otros turismos que se pararon a socorrer a el accidentada. Minutos despu\u00e9s hac\u00edan acto de presencia la Guardia Civil, que se encarg\u00f3 de regular el tr\u00e1fico para evitar retenciones, dos ambulancias y una unidad de bomberos de Ontinyent que, cuando lleg\u00f3, comprob\u00f3 que la v\u00edctima estaba fuera del veh\u00edculo y no fue necesaria ninguna maniobra de excarcelaci\u00f3n . Depu\u00e9s de practicar los primeros auxilios a la accidentada, una de las ambulancias la traslad\u00f3 al hospital, donde se encuentra con pron\u00f3stico reservado.<\/p>\n<pre style=\"text-align: justify;\">Art\u00edculo publicado por Comarcal TV<\/pre>\n<p><iframe loading=\"lazy\" src=\"http:\/\/www.comarcal.tv\/video\/300715accidentport.mp4\" frameborder=\"0\" width=\"717\" height=\"403\"><\/iframe><\/p>\n","protected":false},"excerpt":{"rendered":"<p>&nbsp; Una mujer de X\u00e0tiva de 58 a\u00f1os sufri\u00f3 ayer un accidente de coche a la salida del t\u00fanel de L&#8217;Olleria en direcci\u00f3n a la capital de La Costera en el que result\u00f3 herida. El incidente tuvo lugar sobre las seis de la tarde y no se vi\u00f3 implicado ning\u00fan otro veh\u00edculo.\u00a0 Las primeras atenciones [&hellip;]<\/p>\n","protected":false},"author":1,"featured_media":0,"comment_status":"closed","ping_status":"open","sticky":false,"template":"","format":"standard","meta":{"_monsterinsights_skip_tracking":false,"_monsterinsights_sitenote_active":false,"_monsterinsights_sitenote_note":"","_monsterinsights_sitenote_category":0},"categories":[3],"tags":[473,1420,20,474],"_links":{"self":[{"href":"http:\/\/www.portaldelolleria.es\/index.php?rest_route=\/wp\/v2\/posts\/10242"}],"collection":[{"href":"http:\/\/www.portaldelolleria.es\/index.php?rest_route=\/wp\/v2\/posts"}],"about":[{"href":"http:\/\/www.portaldelolleria.es\/index.php?rest_route=\/wp\/v2\/types\/post"}],"author":[{"embeddable":true,"href":"http:\/\/www.portaldelolleria.es\/index.php?rest_route=\/wp\/v2\/users\/1"}],"replies":[{"embeddable":true,"href":"http:\/\/www.portaldelolleria.es\/index.php?rest_route=%2Fwp%2Fv2%2Fcomments&post=10242"}],"version-history":[{"count":6,"href":"http:\/\/www.portaldelolleria.es\/index.php?rest_route=\/wp\/v2\/posts\/10242\/revisions"}],"predecessor-version":[{"id":10277,"href":"http:\/\/www.portaldelolleria.es\/index.php?rest_route=\/wp\/v2\/posts\/10242\/revisions\/10277"}],"wp:attachment":[{"href":"http:\/\/www.portaldelolleria.es\/index.php?rest_route=%2Fwp%2Fv2%2Fmedia&parent=10242"}],"wp:term":[{"taxonomy":"category","embeddable":true,"href":"http:\/\/www.portaldelolleria.es\/index.php?rest_route=%2Fwp%2Fv2%2Fcategories&post=10242"},{"taxonomy":"post_tag","embeddable":true,"href":"http:\/\/www.portaldelolleria.es\/index.php?rest_route=%2Fwp%2Fv2%2Ftags&post=10242"}],"curies":[{"name":"wp","href":"https:\/\/api.w.org\/{rel}","templated":true}]}}