{"id":10248,"date":"2015-07-31T00:18:53","date_gmt":"2015-07-30T22:18:53","guid":{"rendered":"http:\/\/www.portaldelolleria.es\/?p=10248"},"modified":"2015-07-31T00:18:53","modified_gmt":"2015-07-30T22:18:53","slug":"el-ayuntamiento-contratara-a-16-personas-dentro-del-programa-emcorp-2015","status":"publish","type":"post","link":"http:\/\/www.portaldelolleria.es\/?p=10248","title":{"rendered":"El Ayuntamiento contratar\u00e1 a 16 personas dentro del programa EMCORP 2015"},"content":{"rendered":"<p><a href=\"http:\/\/www.portaldelolleria.es\/wp-content\/uploads\/2015\/07\/peones-forestales.jpg\"><img loading=\"lazy\" class=\"aligncenter size-full wp-image-10249\" title=\"peones forestales\" src=\"http:\/\/www.portaldelolleria.es\/wp-content\/uploads\/2015\/07\/peones-forestales.jpg\" alt=\"\" width=\"598\" height=\"398\" srcset=\"http:\/\/www.portaldelolleria.es\/wp-content\/uploads\/2015\/07\/peones-forestales.jpg 598w, http:\/\/www.portaldelolleria.es\/wp-content\/uploads\/2015\/07\/peones-forestales-300x199.jpg 300w\" sizes=\"(max-width: 598px) 100vw, 598px\" \/><\/a><\/p>\n<p>&nbsp;<\/p>\n<p><strong>El Ayuntamiento contratar\u00e1 a 16\u00a0 peones forestales con una subvenci\u00f3n del programa de Fomento de Empleo EMCORP 2015<\/strong><br \/>\nEn relaci\u00f3n a la orden 43\/2014 del 30 de diciembre, la Conselleria de Econom\u00eda, Industria, Empleo y Turismo convoc\u00f3 unas subvenciones destinadas a la contrataci\u00f3n de personas desempleadas en el programa de empleo p\u00fablico de inter\u00e9s general y social para la realizaci\u00f3n de actuaciones en municipios declarados tur\u00edsticos de la Comunidad Valenciana.<\/p>\n<p>Estas ayudas est\u00e1n destinadas a promover la generaci\u00f3n de empleo mediante la contrataci\u00f3n de personas desempleadas para la prestaci\u00f3n de servicios de inter\u00e9s general y social en los municipios que el Consejo ha declarado de inter\u00e9s tur\u00edstico.<\/p>\n<p>La Consejer\u00eda ha proporcionado al Ayuntamiento un total de 11.896&#8217;88 euros para contratar a 16 personas durante un mes como peones forestales.<\/p>\n<p>Actualmente se ha hecho la contrataci\u00f3n de los 10 primeros trabajadores. Para septiembre se har\u00e1 la selecci\u00f3n de los otros 6.<\/p>\n<p>Los tres turnos de trabajo son:<\/p>\n<p>&#8211; 6 trabajadores EMCORP 1: Del 20\/07\/2015 al 19\/08\/2015<\/p>\n<p>&#8211; 6 trabajadores EMCORP 2: Del 09\/15\/2015 al 14\/10\/2015<\/p>\n<p>&#8211; 4 trabajadores EMCORP 3: Del 10\/08\/2015 al 9\/09\/2015<\/p>\n<p><span style=\"color: #808080;\">noticia publicada en el facebook del\u00a0 Ajuntament de l&#8217;Olleria<\/span><\/p>\n","protected":false},"excerpt":{"rendered":"<p>&nbsp; El Ayuntamiento contratar\u00e1 a 16\u00a0 peones forestales con una subvenci\u00f3n del programa de Fomento de Empleo EMCORP 2015 En relaci\u00f3n a la orden 43\/2014 del 30 de diciembre, la Conselleria de Econom\u00eda, Industria, Empleo y Turismo convoc\u00f3 unas subvenciones destinadas a la contrataci\u00f3n de personas desempleadas en el programa de empleo p\u00fablico de inter\u00e9s [&hellip;]<\/p>\n","protected":false},"author":1,"featured_media":0,"comment_status":"closed","ping_status":"open","sticky":false,"template":"","format":"standard","meta":{"_monsterinsights_skip_tracking":false,"_monsterinsights_sitenote_active":false,"_monsterinsights_sitenote_note":"","_monsterinsights_sitenote_category":0},"categories":[11,12],"tags":[],"_links":{"self":[{"href":"http:\/\/www.portaldelolleria.es\/index.php?rest_route=\/wp\/v2\/posts\/10248"}],"collection":[{"href":"http:\/\/www.portaldelolleria.es\/index.php?rest_route=\/wp\/v2\/posts"}],"about":[{"href":"http:\/\/www.portaldelolleria.es\/index.php?rest_route=\/wp\/v2\/types\/post"}],"author":[{"embeddable":true,"href":"http:\/\/www.portaldelolleria.es\/index.php?rest_route=\/wp\/v2\/users\/1"}],"replies":[{"embeddable":true,"href":"http:\/\/www.portaldelolleria.es\/index.php?rest_route=%2Fwp%2Fv2%2Fcomments&post=10248"}],"version-history":[{"count":1,"href":"http:\/\/www.portaldelolleria.es\/index.php?rest_route=\/wp\/v2\/posts\/10248\/revisions"}],"predecessor-version":[{"id":10250,"href":"http:\/\/www.portaldelolleria.es\/index.php?rest_route=\/wp\/v2\/posts\/10248\/revisions\/10250"}],"wp:attachment":[{"href":"http:\/\/www.portaldelolleria.es\/index.php?rest_route=%2Fwp%2Fv2%2Fmedia&parent=10248"}],"wp:term":[{"taxonomy":"category","embeddable":true,"href":"http:\/\/www.portaldelolleria.es\/index.php?rest_route=%2Fwp%2Fv2%2Fcategories&post=10248"},{"taxonomy":"post_tag","embeddable":true,"href":"http:\/\/www.portaldelolleria.es\/index.php?rest_route=%2Fwp%2Fv2%2Ftags&post=10248"}],"curies":[{"name":"wp","href":"https:\/\/api.w.org\/{rel}","templated":true}]}}