{"id":10260,"date":"2015-08-05T21:25:30","date_gmt":"2015-08-05T19:25:30","guid":{"rendered":"http:\/\/www.portaldelolleria.es\/?p=10260"},"modified":"2015-08-05T23:22:09","modified_gmt":"2015-08-05T21:22:09","slug":"lolleria-cf-comienza-pretemporada","status":"publish","type":"post","link":"http:\/\/www.portaldelolleria.es\/?p=10260","title":{"rendered":"L&#8217;Olleria CF  comienza pretemporada"},"content":{"rendered":"<p><a href=\"http:\/\/www.portaldelolleria.es\/wp-content\/uploads\/2015\/08\/lolleria-cf-pretemporada1.jpg\"><img loading=\"lazy\" class=\"aligncenter size-full wp-image-10270\" title=\"lolleria cf pretemporada\" src=\"http:\/\/www.portaldelolleria.es\/wp-content\/uploads\/2015\/08\/lolleria-cf-pretemporada1.jpg\" alt=\"\" width=\"598\" height=\"398\" srcset=\"http:\/\/www.portaldelolleria.es\/wp-content\/uploads\/2015\/08\/lolleria-cf-pretemporada1.jpg 598w, http:\/\/www.portaldelolleria.es\/wp-content\/uploads\/2015\/08\/lolleria-cf-pretemporada1-300x199.jpg 300w\" sizes=\"(max-width: 598px) 100vw, 598px\" \/><\/a><\/p>\n<p>&nbsp;<\/p>\n<p style=\"text-align: justify;\">El pasado 30 de julio, l&#8217;Olleria CF, comenz\u00f3 su pretemporada\u00a0 con una primera toma de contacto con los entrenamientos.\u00a0 En su 85\u00ba aniversario,\u00a0 el club ha\u00a0 preparado una pretemporada con equipos de potencial superior para poder conjuntar un plantilla que incorpora muchas caras nuevas, y renueva a otros con el fin de no pasar los apuros de la \u00faltima temporada. Equipos de 3\u00aa divisi\u00f3n como Muro CF y Ontinyent CF, de Preferente como\u00a0 la UD Canals y de 2\u00aa Regional , CE Rotova y CF Aielo,\u00a0 componen unos atractivos enfrentamientos que tendr\u00e1n su principal momento el 25 de agosto, con motivo del primer trofeo Vicente Albi\u00f1ana (La Queca),\u00a0 donde los locales se mediran\u00a0 al CD Ol\u00edmpic de X\u00e1tiva de 2\u00aa Divisi\u00f3n B. \u00a0 (ver fechas y orden de partidos al final de la noticia)<\/p>\n<p style=\"text-align: justify;\">Al primer d\u00eda de entrenamientos, asistieron algunos veteranos para apoyar a los jugadores y respaldar los actos del 85 aniversario del Club.<\/p>\n<p style=\"text-align: justify;\"><a href=\"http:\/\/www.portaldelolleria.es\/wp-content\/uploads\/2015\/08\/lolleria-cf-veteranos.jpg\"><img loading=\"lazy\" class=\"aligncenter size-full wp-image-10269\" title=\"lolleria cf veteranos\" src=\"http:\/\/www.portaldelolleria.es\/wp-content\/uploads\/2015\/08\/lolleria-cf-veteranos.jpg\" alt=\"\" width=\"598\" height=\"398\" srcset=\"http:\/\/www.portaldelolleria.es\/wp-content\/uploads\/2015\/08\/lolleria-cf-veteranos.jpg 598w, http:\/\/www.portaldelolleria.es\/wp-content\/uploads\/2015\/08\/lolleria-cf-veteranos-300x199.jpg 300w\" sizes=\"(max-width: 598px) 100vw, 598px\" \/><\/a><\/p>\n<p style=\"text-align: justify;\"><img loading=\"lazy\" class=\"aligncenter\" src=\"http:\/\/www.elminuter.es\/media\/k2\/items\/cache\/f2e391971507dca75ef45bfd45c36064_XL.jpg\" alt=\"Jos\u00e9 Jaime Alemany Olaso\" width=\"480\" height=\"640\" \/><br \/>\n<strong><br \/>\n<\/strong><br \/>\n<strong>Jos\u00e9 Jaime Alem\u00e1n Olaso<\/strong>, natural de Bellreguard, es un experimentado centrecampista que se caracteriza por ser un jugador fuerte, con un gran potencial f\u00edsico y un gran dominio del juego a\u00e9reo. Jos\u00e9 Jaime Alem\u00e1n cuenta con una gran trayectoria en todos los a\u00f1os que ha jugado al f\u00fatbol, donde ha defendido los colores del Oliva, Ontinyent, Villajoyosa CF (2\u00aaB), CF Gandia (3\u00aa), CD Denia (3\u00aa y 2\u00aaB), Catarroja CF (3\u00aa), UD Carcaixent, CF Gand\u00eda y Rafelcofer. En su trayectoria cuenta con una gran experiencia vivida en un partido que enfrent\u00f3 al Sevilla cf y el Denia en una eliminatoria de la Copa del Rey en la que el conjunto de La Marina Alta perdi\u00f3 por 4-3 y Jose Jaime logr\u00f3 materializar el segundo gol de su equipo, ante un conjunto andaluz donde marcaron jugadores de la talla de Luis Fabiano, Fazio, Chevant\u00f3n y Kanoute. Con esta renovaci\u00f3n se incrementa la ilusi\u00f3n en el nuevo proyecto de L&#8217;Olleria CF.<\/p>\n<div style=\"text-align: justify;\">\n<div><a href=\"http:\/\/4.bp.blogspot.com\/-ySS6q2-JxeQ\/VaOh6ZFvyOI\/AAAAAAAAA48\/UcCmcQz4hkI\/s1600\/IMG-20150709-WA0000%255B1%255D.jpg\"><img loading=\"lazy\" class=\"aligncenter\" src=\"http:\/\/4.bp.blogspot.com\/-ySS6q2-JxeQ\/VaOh6ZFvyOI\/AAAAAAAAA48\/UcCmcQz4hkI\/s640\/IMG-20150709-WA0000%255B1%255D.jpg\" alt=\"\" width=\"480\" height=\"640\" border=\"0\" \/><\/a><\/div>\n<\/div>\n<div style=\"text-align: justify;\">\n<p>El delantero <strong>Marcos Rico<\/strong> de 21 a\u00f1os, juega en el Castellonense en Regional preferente en la temporada 13-14 y el a\u00f1o pasado ficha por L&#8217;Olleria CF a mitad de la temporada, este jugador ha comprometido un a\u00f1o m\u00e1s a jugar en L&#8217;Olleria, Marcos en los 9 partidos que juega el a\u00f1o pasado hizo 6 goles muy importantes.<\/p>\n<p><strong>Andr\u00e9s Salvador \u00abSito\u00bb<\/strong> de 21 a\u00f1os que el a\u00f1o pasado fich\u00f3 por L&#8217;Olleria CF y estuvo desde principios de la temporada. Sito como todos lo conocen se ha comprometido a jugar un a\u00f1o m\u00e1s, en la temporada pasada nos hizo un lugar en el once inicial jugando a un gran nivel, en diciembre cuando estaba en su mejor momento se lesion\u00f3 de un chillidos en el tobillo en el campo del Senyera, ya no pudo jugar m\u00e1s en toda la temporada, seguro que este a\u00f1o tendr\u00e1 mejor suerte.<\/p>\n<\/div>\n<div style=\"text-align: justify;\"><a href=\"http:\/\/3.bp.blogspot.com\/-KmUx4iwbb7o\/VZ9m55bjIoI\/AAAAAAAAA4c\/8Be67E2_Y9U\/s1600\/IMG-20150709-WA0001%255B1%255D.jpg\"><img loading=\"lazy\" class=\"aligncenter\" src=\"http:\/\/3.bp.blogspot.com\/-KmUx4iwbb7o\/VZ9m55bjIoI\/AAAAAAAAA4c\/8Be67E2_Y9U\/s640\/IMG-20150709-WA0001%255B1%255D.jpg\" alt=\"\" width=\"480\" height=\"640\" border=\"0\" \/><\/a><\/div>\n<p style=\"text-align: justify;\"><strong>Xavier Momp\u00f3 Borr\u00e1<\/strong>s natural de L&#8217;Olleria, una de las renovaciones importantes para Rafa Llario, jugador que ha estado muchos a\u00f1os en el L&#8217;Olleria CF, el medio campista que el a\u00f1o pasado fue intocable en el once inicial y jugador clave en la permanencia.<br \/>\nCon esta renovaci\u00f3n ya son cinco los jugadores locales que formar\u00e1n parte en el equipo la temporada que bien.<\/p>\n<p style=\"text-align: justify;\"><img loading=\"lazy\" class=\"aligncenter\" src=\"http:\/\/2.bp.blogspot.com\/-iK8TrAZvem4\/VZFAauIfglI\/AAAAAAAAA2Q\/6W_4vz5a5n8\/s640\/cristian.jpg\" alt=\"\" width=\"480\" height=\"640\" border=\"0\" \/><\/p>\n<div style=\"text-align: justify;\">\n<p><strong>\u00a0Cristian Mu\u00f1oz Naval\u00f3n<\/strong>, natural de la poblaci\u00f3n de Anna, a sus 18 a\u00f1os se ha convertido en grande un goleador.<\/p>\n<p>L&#8217;Olleria C.F. al final de la temporada pasada puso los ojos en este jugador.Cristian comenz\u00f3 su carrera deportiva con 6 a\u00f1os en la Escuela de f\u00fatbol de Anna, poco despu\u00e9s los equipos de la comarca de La Canal de Navarr\u00e9s se unen y forman la escuela de La Canal, donde este jugador pasa a formar parte dentro del equipo alev\u00edn, siguiendo luego en la categor\u00eda infantil de la misma escuela. Ya en la categor\u00eda cadete pasa en la Escuela de la UD Enguera, donde ha sido hasta la pasada temporada en la categor\u00eda juvenil, contribuyendo a colocar a su equipo como l\u00edder indiscutible de la categor\u00eda, y por tanto consiguiendo el ascenso a la 1\u00aa Regional juvenil. En esa temporada, Cristian llega a alcanzar 50 goles en el equipo juvenil, a los que hay que sumar 4 goles que consigue en el equipo de 1\u00aa regional en s\u00f3lo 6 partidos, goles que sirven para que se consolide como el m\u00e1ximo goleador de todos los grupos de la 2\u00aa Regional juvenil.<\/p>\n<p>Este jugador llega a L&#8217;Olleria desestimando otras ofertas de equipos de categor\u00eda preferente, sum\u00e1ndose as\u00ed, al proyecto que est\u00e1 llevando el club, para intentar conseguir llevar m\u00e1s ilusi\u00f3n a todos los aficionados al f\u00fatbol de l&#8217;Olleria<\/p>\n<\/div>\n<div style=\"text-align: justify;\"><a href=\"http:\/\/1.bp.blogspot.com\/-Tk8BPg5A3qQ\/VY0u8K-HtYI\/AAAAAAAAA08\/zlzGjGvrIBg\/s1600\/IMG-20150626-WA0004%255B1%255D.jpg\"><img loading=\"lazy\" class=\"aligncenter\" src=\"http:\/\/1.bp.blogspot.com\/-Tk8BPg5A3qQ\/VY0u8K-HtYI\/AAAAAAAAA08\/zlzGjGvrIBg\/s400\/IMG-20150626-WA0004%255B1%255D.jpg\" alt=\"\" width=\"400\" height=\"370\" border=\"0\" \/><\/a><\/div>\n<div style=\"text-align: justify;\" dir=\"ltr\">Otra importante renovaci\u00f3n es la de\u00a0 <strong>Manolo Vidal<\/strong>, de 22 a\u00f1os, un jugador de casa, formado en las escuelas deportivas municipales de f\u00fatbol de L&#8217;Olleria, importante en cualquier equipo, polivalente, que no s\u00f3lo destaca jugando al f\u00fatbol sino tambi\u00e9n como persona y que siempre da el m\u00e1ximo.<\/div>\n<div style=\"text-align: justify;\" dir=\"ltr\">.<\/div>\n<div style=\"text-align: justify;\" dir=\"ltr\"><img loading=\"lazy\" class=\"aligncenter\" src=\"http:\/\/1.bp.blogspot.com\/-6s3alHZl-A0\/VYbyDot3kLI\/AAAAAAAAA0g\/sM5sHgmO62k\/s640\/IMG-20150620-WA0001%255B1%255D.jpg\" alt=\"\" width=\"480\" height=\"640\" border=\"0\" \/><\/div>\n<p style=\"text-align: justify;\">Una nueva renovaci\u00f3n en L&#8217;Olleria CF, se trata del centrocampista olleriense,\u00a0 <strong>Carlos Sanz \u00abPitu\u00bb<\/strong>, que habia sido una peticion expresa de Rafa Llario de cara a la pr\u00f3xima temporada, ya que el jugador realiz\u00f3 una grand\u00edsima temporada y que de seguro dar\u00e1 grandes tardes en el campo del polideportivo \u00abLa Solana\u00bb .Se un jugador que atesora mucha CALIDAD a sus pies y que con grandes pasos y regados, hace que sea un jugador muy completo.<\/p>\n<p style=\"text-align: justify;\"><img loading=\"lazy\" class=\"aligncenter\" src=\"http:\/\/4.bp.blogspot.com\/-fBFkQJx3PfA\/VXm5pZh8ibI\/AAAAAAAAAz0\/echhdXLakBg\/s640\/IMG-20150610-WA0003.jpg\" alt=\"\" width=\"480\" height=\"640\" border=\"0\" \/><\/p>\n<p style=\"text-align: justify;\">Una temporada m\u00e1s el equipo contar\u00e1 con el centrocampista de L&#8217;Olleria <strong>Jorge Lorente<\/strong>, pretendido por equipos de categor\u00edas superiores, ya que la pasada temporada demostr\u00f3 que es uno de los mejores centrocampistas del f\u00fatbol comarcal y ha sido nominado para los premios Benicadell Deportivo como jugador m\u00e1s regular. es un jugador que ha tenido una proyecci\u00f3n extraordinaria, que siempre lo da todo en los partidos, que lucha todos los balones como si fuera el \u00faltimo y que de seguro ser\u00e1 la piedra angular del barco olleriense capitaneado por Rafa Llario y que con su continuidad hace que el proyecto de L&#8217;Olleria CF 2015\/2016 sea a\u00fan m\u00e1s importante.<\/p>\n<div style=\"text-align: justify;\"><a href=\"http:\/\/1.bp.blogspot.com\/-8o4vWUv1Sw8\/VXlWldCQlbI\/AAAAAAAAAzk\/aFdcZm3mymM\/s1600\/IMG-20150611-WA0000%255B1%255D.jpg\"><img loading=\"lazy\" class=\"aligncenter\" src=\"http:\/\/1.bp.blogspot.com\/-8o4vWUv1Sw8\/VXlWldCQlbI\/AAAAAAAAAzk\/aFdcZm3mymM\/s640\/IMG-20150611-WA0000%255B1%255D.jpg\" alt=\"\" width=\"480\" height=\"640\" border=\"0\" \/><\/a><\/div>\n<div style=\"text-align: justify;\">Una nueva e importante incorporaci\u00f3n para L&#8217;Olleria CF, se trata de <strong>Marcos L\u00f3pez Garc\u00eda<\/strong>, jugador de L&#8217;Olleria, un gran portero joven con mucha ilusi\u00f3n, lleno de reflejos y seguro bajo los palos. Viene de jugar en el Ontinyent CF juvenil y que seguro demostrar\u00e1 que es uno de los mejores porteros de la categor\u00eda<\/div>\n<div style=\"text-align: justify;\">.<\/div>\n<div style=\"text-align: justify;\"><a href=\"http:\/\/1.bp.blogspot.com\/-IecIV7vUWqk\/VXlVvSyFVkI\/AAAAAAAAAzc\/0HVBTIiqgeE\/s1600\/IMG-20150610-WA0002%255B1%255D.jpg\"><img loading=\"lazy\" class=\"aligncenter\" src=\"http:\/\/1.bp.blogspot.com\/-IecIV7vUWqk\/VXlVvSyFVkI\/AAAAAAAAAzc\/0HVBTIiqgeE\/s640\/IMG-20150610-WA0002%255B1%255D.jpg\" alt=\"\" width=\"480\" height=\"640\" border=\"0\" \/><\/a><\/div>\n<div style=\"text-align: justify;\">L&#8217;Olleria CF renueva a Jonnatan Colomer \u00abJonny\u00bb por una temporada. El joven talentoso extremo de Salem se compromete por una temporada despu\u00e9s de haber recibido ofertas de equipos de superior categor\u00eda, ya que es un jugador joven pero con gran experiencia y que muchos equipos siguen desde su llegada en Navidad en el club ollerienc.Es un extremo con un gran regate, habilidoso con el bal\u00f3n y que seguro ser\u00e1 importante para el esquema de nuestro mister Rafa Llario<\/div>\n<div style=\"text-align: justify;\">\n<div><a href=\"http:\/\/4.bp.blogspot.com\/-SHygtJ8FXMg\/VXiAAed1lvI\/AAAAAAAAAzM\/mVq32uHBMRg\/s1600\/IMG-20150610-WA0000.jpg\"><img loading=\"lazy\" class=\"aligncenter\" src=\"http:\/\/4.bp.blogspot.com\/-SHygtJ8FXMg\/VXiAAed1lvI\/AAAAAAAAAzM\/mVq32uHBMRg\/s640\/IMG-20150610-WA0000.jpg\" alt=\"\" width=\"480\" height=\"640\" border=\"0\" \/><\/a><\/div>\n<div>Una de las primeras renovaciones es la del centrocampista\u00a0 <strong>Pedro Perez<\/strong> por una temporada mes.Pedro lleg\u00f3 en el mercado de Navidad de la temporada pasada y se convirti\u00f3 en una pieza clave clave para tal de salvarse, demostrando todo su talento y entrega y por eso se ha ganado a pulso la renovaci\u00f3n.<\/div>\n<\/div>\n<div style=\"text-align: justify;\"><a href=\"http:\/\/www.portaldelolleria.es\/wp-content\/uploads\/2015\/08\/PRETEMPORADA.jpg\"><img loading=\"lazy\" class=\"aligncenter size-full wp-image-10268\" title=\"Imprimir\" src=\"http:\/\/www.portaldelolleria.es\/wp-content\/uploads\/2015\/08\/PRETEMPORADA.jpg\" alt=\"\" width=\"598\" height=\"846\" srcset=\"http:\/\/www.portaldelolleria.es\/wp-content\/uploads\/2015\/08\/PRETEMPORADA.jpg 598w, http:\/\/www.portaldelolleria.es\/wp-content\/uploads\/2015\/08\/PRETEMPORADA-212x300.jpg 212w\" sizes=\"(max-width: 598px) 100vw, 598px\" \/><\/a><\/div>\n<div style=\"text-align: justify;\">fotos y textos fichas jugadores:\u00a0 <a href=\"http:\/\/olleriacf.blogspot.com.es\/\" target=\"_blank\">http:\/\/olleriacf.blogspot.com.es\/<\/a><\/div>\n<div style=\"text-align: justify;\">Otras fotos:\u00a0 Javier Cebri\u00e1n.<\/div>\n","protected":false},"excerpt":{"rendered":"<p>&nbsp; El pasado 30 de julio, l&#8217;Olleria CF, comenz\u00f3 su pretemporada\u00a0 con una primera toma de contacto con los entrenamientos.\u00a0 En su 85\u00ba aniversario,\u00a0 el club ha\u00a0 preparado una pretemporada con equipos de potencial superior para poder conjuntar un plantilla que incorpora muchas caras nuevas, y renueva a otros con el fin de no pasar [&hellip;]<\/p>\n","protected":false},"author":1,"featured_media":0,"comment_status":"closed","ping_status":"open","sticky":false,"template":"","format":"standard","meta":{"_monsterinsights_skip_tracking":false,"_monsterinsights_sitenote_active":false,"_monsterinsights_sitenote_note":"","_monsterinsights_sitenote_category":0},"categories":[9,12],"tags":[315,1421],"_links":{"self":[{"href":"http:\/\/www.portaldelolleria.es\/index.php?rest_route=\/wp\/v2\/posts\/10260"}],"collection":[{"href":"http:\/\/www.portaldelolleria.es\/index.php?rest_route=\/wp\/v2\/posts"}],"about":[{"href":"http:\/\/www.portaldelolleria.es\/index.php?rest_route=\/wp\/v2\/types\/post"}],"author":[{"embeddable":true,"href":"http:\/\/www.portaldelolleria.es\/index.php?rest_route=\/wp\/v2\/users\/1"}],"replies":[{"embeddable":true,"href":"http:\/\/www.portaldelolleria.es\/index.php?rest_route=%2Fwp%2Fv2%2Fcomments&post=10260"}],"version-history":[{"count":9,"href":"http:\/\/www.portaldelolleria.es\/index.php?rest_route=\/wp\/v2\/posts\/10260\/revisions"}],"predecessor-version":[{"id":10273,"href":"http:\/\/www.portaldelolleria.es\/index.php?rest_route=\/wp\/v2\/posts\/10260\/revisions\/10273"}],"wp:attachment":[{"href":"http:\/\/www.portaldelolleria.es\/index.php?rest_route=%2Fwp%2Fv2%2Fmedia&parent=10260"}],"wp:term":[{"taxonomy":"category","embeddable":true,"href":"http:\/\/www.portaldelolleria.es\/index.php?rest_route=%2Fwp%2Fv2%2Fcategories&post=10260"},{"taxonomy":"post_tag","embeddable":true,"href":"http:\/\/www.portaldelolleria.es\/index.php?rest_route=%2Fwp%2Fv2%2Ftags&post=10260"}],"curies":[{"name":"wp","href":"https:\/\/api.w.org\/{rel}","templated":true}]}}