{"id":10319,"date":"2015-08-11T16:51:13","date_gmt":"2015-08-11T14:51:13","guid":{"rendered":"http:\/\/www.portaldelolleria.es\/?p=10319"},"modified":"2015-08-11T16:52:54","modified_gmt":"2015-08-11T14:52:54","slug":"cine-de-verano-perdiendo-el-norte","status":"publish","type":"post","link":"http:\/\/www.portaldelolleria.es\/?p=10319","title":{"rendered":"Cine de verano: Perdiendo el Norte"},"content":{"rendered":"<p><a href=\"http:\/\/www.portaldelolleria.es\/wp-content\/uploads\/2015\/08\/perdiendo-el-norte.jpg\"><img loading=\"lazy\" class=\"aligncenter size-full wp-image-10320\" title=\"perdiendo el norte\" src=\"http:\/\/www.portaldelolleria.es\/wp-content\/uploads\/2015\/08\/perdiendo-el-norte.jpg\" alt=\"\" width=\"598\" height=\"398\" srcset=\"http:\/\/www.portaldelolleria.es\/wp-content\/uploads\/2015\/08\/perdiendo-el-norte.jpg 598w, http:\/\/www.portaldelolleria.es\/wp-content\/uploads\/2015\/08\/perdiendo-el-norte-300x199.jpg 300w\" sizes=\"(max-width: 598px) 100vw, 598px\" \/><\/a><\/p>\n<p>Cine de verano:\u00a0 Perdiendo el norte.\u00a0 Miercoles, 12 de agosto. Casa Santonja,\u00a0 22:00 h\u00a0 entrada por la Ermita del Cristo<\/p>\n<dl>\n<dt>T\u00edtulo original<\/dt>\n<dd>Perdiendo el norte<\/dd>\n<dt>A\u00f1o<\/dt>\n<dd>2015<\/dd>\n<dt>Duraci\u00f3n<\/dt>\n<dd>102 min.<\/dd>\n<dt>Pa\u00eds<\/dt>\n<dd><img title=\"Espa\u00f1a\" src=\"http:\/\/www.filmaffinity.com\/imgs\/countries\/ES.jpg\" alt=\"\" \/>\u00a0Espa\u00f1a<\/dd>\n<dt>Director<\/dt>\n<dd><a href=\"http:\/\/www.filmaffinity.com\/es\/search.php?stype=director&amp;sn&amp;stext=Nacho+G.+Velilla\"> Nacho G. Velilla<\/a><\/dd>\n<dt>Gui\u00f3n<\/dt>\n<dd>Antonio S\u00e1nchez, David S. Olivas, Oriol Capel, Nacho G. Velilla<\/dd>\n<dt>M\u00fasica<\/dt>\n<dd>Juanjo Javierre<\/dd>\n<dt>Fotograf\u00eda<\/dt>\n<dd>Isaac Vila<\/dd>\n<dt>Reparto<\/dt>\n<dd><a href=\"http:\/\/www.filmaffinity.com\/es\/search.php?stype=cast&amp;sn&amp;stext=Yon+Gonz%C3%A1lez\">Yon Gonz\u00e1lez<\/a>, <a href=\"http:\/\/www.filmaffinity.com\/es\/search.php?stype=cast&amp;sn&amp;stext=Juli%C3%A1n+L%C3%B3pez\"> Juli\u00e1n L\u00f3pez<\/a>, <a href=\"http:\/\/www.filmaffinity.com\/es\/search.php?stype=cast&amp;sn&amp;stext=Blanca+Su%C3%A1rez\"> Blanca Su\u00e1rez<\/a>, <a href=\"http:\/\/www.filmaffinity.com\/es\/search.php?stype=cast&amp;sn&amp;stext=Miki+Esparb%C3%A9\"> Miki Esparb\u00e9<\/a>, <a href=\"http:\/\/www.filmaffinity.com\/es\/search.php?stype=cast&amp;sn&amp;stext=Jos%C3%A9+Sacrist%C3%A1n\"> Jos\u00e9 Sacrist\u00e1n<\/a>, <a href=\"http:\/\/www.filmaffinity.com\/es\/search.php?stype=cast&amp;sn&amp;stext=%C3%9Arsula+Corber%C3%B3\"> \u00darsula Corber\u00f3<\/a>, <a href=\"http:\/\/www.filmaffinity.com\/es\/search.php?stype=cast&amp;sn&amp;stext=Malena+Alterio\"> Malena Alterio<\/a>, <a href=\"http:\/\/www.filmaffinity.com\/es\/search.php?stype=cast&amp;sn&amp;stext=Javier+C%C3%A1mara\"> Javier C\u00e1mara<\/a>, <a href=\"http:\/\/www.filmaffinity.com\/es\/search.php?stype=cast&amp;sn&amp;stext=Carmen+Machi\"> Carmen Machi<\/a>, <a href=\"http:\/\/www.filmaffinity.com\/es\/search.php?stype=cast&amp;sn&amp;stext=Younes+Bachir\"> Younes Bachir<\/a>, <a href=\"http:\/\/www.filmaffinity.com\/es\/search.php?stype=cast&amp;sn&amp;stext=Arturo+Valls\"> Arturo Valls<\/a><\/dd>\n<dt>Productora<\/dt>\n<dd>Producciones Aparte \/ Atresmedia Cine \/ Telef\u00f3nica Studios<\/dd>\n<dt>G\u00e9nero<\/dt>\n<dd><a href=\"http:\/\/www.filmaffinity.com\/es\/moviegenre.php?genre=CO&amp;attr=rat_count&amp;nodoc\">Comedia<\/a> | <a href=\"http:\/\/www.filmaffinity.com\/es\/movietopic.php?topic=685880&amp;attr=rat_count&amp;nodoc\">Inmigraci\u00f3n<\/a>. <a href=\"http:\/\/www.filmaffinity.com\/es\/movietopic.php?topic=711525&amp;attr=rat_count&amp;nodoc\">Crisis econ\u00f3mica actual<\/a>. <a href=\"http:\/\/www.filmaffinity.com\/es\/movietopic.php?topic=899776&amp;attr=rat_count&amp;nodoc\">Comedia dram\u00e1tica<\/a><\/dd>\n<dt>Web oficial<\/dt>\n<dd><a href=\"http:\/\/perdiendoelnorte.es\/\" target=\"_BLANK\">http:\/\/perdiendoelnorte.es\/<\/a><\/dd>\n<dt>Sinopsis<\/dt>\n<dd>Hugo y Braulio, dos j\u00f3venes con formaci\u00f3n universitaria, hartos de no encontrar ni trabajo ni futuro en Espa\u00f1a, deciden emigrar a Alemania siguiendo los cantos de sirena de un programa de televisi\u00f3n tipo \u00abEspa\u00f1oles por el mundo\u00bb. Pero pronto descubrir\u00e1n que sobrar en un sitio no significa ser necesario en otro y que perseguir el sue\u00f1o alem\u00e1n puede tener mucho de pesadilla. (FILMAFFINITY)<\/dd>\n<\/dl>\n<dl>\n<dt>Cr\u00edticas<\/dt>\n<dd>\n<ul id=\"pro-reviews\">\n<li>\n<div>\n<div>\u00abLa pel\u00edcula no consigue salir del t\u00f3pico ni de la frase hecha (&#8230;) los di\u00e1logos, lo peor de la funci\u00f3n, nunca tienen garra, talento o ingenio\u00bb<\/div>\n<div>Javier Oca\u00f1a: Diario El Pa\u00eds<\/div>\n<\/div>\n<\/li>\n<li>\n<div>\n<div>\u00abHay guasa social, guasa laboral, guasa rom\u00e1ntica y guasa familiar, dosificada para que cada uno elija la postura que prefiera: indignarse ante la ligereza y frivolidad (&#8230;) o partirse de la risa (&#8230;) Puntuaci\u00f3n: \u2605\u2605\u2605 (sobre 5)\u00bb<\/div>\n<div>E. Rodr\u00edguez Marchante: Diario ABC<\/div>\n<\/div>\n<\/li>\n<li>\n<div>\n<div>\u00abEl humor es el que hoy se lleva en televisi\u00f3n, elemental y funcional como un episodio de &#8216;Siete vidas&#8217; o &#8216;A\u00edda&#8217; (&#8230;) Puntuaci\u00f3n: \u2605 (sobre 5)\u00bb<\/div>\n<div>Jordi Batlle Caminal: Diario La Vanguardia<\/div>\n<\/div>\n<\/li>\n<li>\n<div>\n<div>\u00abRisas a porrillo, s\u00ed; exceso de oficio y cierta falta de riesgo, tambi\u00e9n. (&#8230;) Puntuaci\u00f3n: \u2605\u2605\u2605 (sobre 5)\u00bb<\/div>\n<div>\u00c1lex Montoya: Fotogramas<\/div>\n<\/div>\n<\/li>\n<\/ul>\n<\/dd>\n<\/dl>\n<p><iframe loading=\"lazy\" src=\"https:\/\/www.youtube.com\/embed\/oB1Fw1gdB9Q\" frameborder=\"0\" width=\"685\" height=\"385\"><\/iframe><\/p>\n","protected":false},"excerpt":{"rendered":"<p>Cine de verano:\u00a0 Perdiendo el norte.\u00a0 Miercoles, 12 de agosto. Casa Santonja,\u00a0 22:00 h\u00a0 entrada por la Ermita del Cristo T\u00edtulo original Perdiendo el norte A\u00f1o 2015 Duraci\u00f3n 102 min. Pa\u00eds \u00a0Espa\u00f1a Director Nacho G. Velilla Gui\u00f3n Antonio S\u00e1nchez, David S. Olivas, Oriol Capel, Nacho G. Velilla M\u00fasica Juanjo Javierre Fotograf\u00eda Isaac Vila Reparto Yon [&hellip;]<\/p>\n","protected":false},"author":1,"featured_media":0,"comment_status":"closed","ping_status":"open","sticky":false,"template":"","format":"standard","meta":{"_monsterinsights_skip_tracking":false,"_monsterinsights_sitenote_active":false,"_monsterinsights_sitenote_note":"","_monsterinsights_sitenote_category":0},"categories":[15,12],"tags":[170,222,1422],"_links":{"self":[{"href":"http:\/\/www.portaldelolleria.es\/index.php?rest_route=\/wp\/v2\/posts\/10319"}],"collection":[{"href":"http:\/\/www.portaldelolleria.es\/index.php?rest_route=\/wp\/v2\/posts"}],"about":[{"href":"http:\/\/www.portaldelolleria.es\/index.php?rest_route=\/wp\/v2\/types\/post"}],"author":[{"embeddable":true,"href":"http:\/\/www.portaldelolleria.es\/index.php?rest_route=\/wp\/v2\/users\/1"}],"replies":[{"embeddable":true,"href":"http:\/\/www.portaldelolleria.es\/index.php?rest_route=%2Fwp%2Fv2%2Fcomments&post=10319"}],"version-history":[{"count":2,"href":"http:\/\/www.portaldelolleria.es\/index.php?rest_route=\/wp\/v2\/posts\/10319\/revisions"}],"predecessor-version":[{"id":10322,"href":"http:\/\/www.portaldelolleria.es\/index.php?rest_route=\/wp\/v2\/posts\/10319\/revisions\/10322"}],"wp:attachment":[{"href":"http:\/\/www.portaldelolleria.es\/index.php?rest_route=%2Fwp%2Fv2%2Fmedia&parent=10319"}],"wp:term":[{"taxonomy":"category","embeddable":true,"href":"http:\/\/www.portaldelolleria.es\/index.php?rest_route=%2Fwp%2Fv2%2Fcategories&post=10319"},{"taxonomy":"post_tag","embeddable":true,"href":"http:\/\/www.portaldelolleria.es\/index.php?rest_route=%2Fwp%2Fv2%2Ftags&post=10319"}],"curies":[{"name":"wp","href":"https:\/\/api.w.org\/{rel}","templated":true}]}}