{"id":10353,"date":"2015-08-21T10:34:07","date_gmt":"2015-08-21T08:34:07","guid":{"rendered":"http:\/\/www.portaldelolleria.es\/?p=10353"},"modified":"2015-08-21T11:28:21","modified_gmt":"2015-08-21T09:28:21","slug":"el-ayuntamiento-incorpora-nuevos-actos-para-completar-las-fiestas","status":"publish","type":"post","link":"http:\/\/www.portaldelolleria.es\/?p=10353","title":{"rendered":"El Ayuntamiento incorpora nuevos actos para completar las fiestas."},"content":{"rendered":"<div id=\"attachment_10354\" style=\"width: 608px\" class=\"wp-caption aligncenter\"><a href=\"http:\/\/www.portaldelolleria.es\/wp-content\/uploads\/2015\/08\/fiestas-lolleria.jpg\"><img aria-describedby=\"caption-attachment-10354\" loading=\"lazy\" class=\"size-full wp-image-10354\" title=\"fiestas lolleria\" src=\"http:\/\/www.portaldelolleria.es\/wp-content\/uploads\/2015\/08\/fiestas-lolleria.jpg\" alt=\"\" width=\"598\" height=\"398\" srcset=\"http:\/\/www.portaldelolleria.es\/wp-content\/uploads\/2015\/08\/fiestas-lolleria.jpg 598w, http:\/\/www.portaldelolleria.es\/wp-content\/uploads\/2015\/08\/fiestas-lolleria-300x199.jpg 300w\" sizes=\"(max-width: 598px) 100vw, 598px\" \/><\/a><p id=\"caption-attachment-10354\" class=\"wp-caption-text\">Ayuntamiento, Junta Central de Fiestas de MMCC y la Parroqu\u00eda siguen manteniendo estrecha colaboraci\u00f3n para ofrecer las mejores fiestas posibles a la ciudadania.<\/p><\/div>\n<p style=\"text-align: justify;\">L&#8217;Olleria presenta su programa de fiestas, con un amplia oferta de actividades para las dos \u00faltimas semanas de agosto. El Alcalde y a su vez Concejal de fiestas Juli\u00e0 Engo, ha incluido al tradicional programa de fiestas una serie de actividades con las que completar la oferta de ocio a un mayor abanico de p\u00fablico. Junto al Alcalde asisti\u00f3 tambi\u00e9n a la presentaci\u00f3n de las fiestas 2015, Vicent Egea, vicepresidente de la Junta Central de Fiestas de Moros i Cristians de l&#8217;Olleria.<\/p>\n<p style=\"text-align: justify;\">Los nuevos actos programados son:<\/p>\n<p>domingo 23 de agosto, 23:00h Concierto de M\u00fasicos de Guardia en la calle de Ausi\u00e0s March.<br \/>\nlunes 24 de agosto, 23:00h Espect\u00e1culo musical \u00abnits d&#8217;enkant\u00bb en el Cine Goya.<br \/>\nmartes 25 de agosto, 23:00h Teatro familiar Clowntamos contigo en el Parque P. de Espa\u00f1a.<br \/>\nmi\u00e9rcoles 26 de agosto, 23:00h Concierto de Burumballa en la calle de Ausi\u00e0s March.<br \/>\ndomingo 30 de agosto, 11-14:00h Castillos hinchables en el Parque Ferreres.<br \/>\nlunes 31 de agosto, 24:00h Noche de Rondalla en la Plaza de la Vila.<\/p>\n<p style=\"text-align: justify;\">El arranque de estos dos intensas semanas comienza esta noche a las diez y media\u00a0 con la Proclamaci\u00f3n Oficial de las Reinas, Corte de Honor, Capitanes, Embajadores y festeros. Consulte el programa completo de fiestas en el siguiente <a href=\"http:\/\/www.portaldelolleria.es\/?p=10221\">enlace.<\/a><\/p>\n<hr \/>\n","protected":false},"excerpt":{"rendered":"<p>L&#8217;Olleria presenta su programa de fiestas, con un amplia oferta de actividades para las dos \u00faltimas semanas de agosto. El Alcalde y a su vez Concejal de fiestas Juli\u00e0 Engo, ha incluido al tradicional programa de fiestas una serie de actividades con las que completar la oferta de ocio a un mayor abanico de p\u00fablico. [&hellip;]<\/p>\n","protected":false},"author":1,"featured_media":0,"comment_status":"closed","ping_status":"open","sticky":false,"template":"","format":"standard","meta":{"_monsterinsights_skip_tracking":false,"_monsterinsights_sitenote_active":false,"_monsterinsights_sitenote_note":"","_monsterinsights_sitenote_category":0},"categories":[17,12],"tags":[318,20,213,1251,1099],"_links":{"self":[{"href":"http:\/\/www.portaldelolleria.es\/index.php?rest_route=\/wp\/v2\/posts\/10353"}],"collection":[{"href":"http:\/\/www.portaldelolleria.es\/index.php?rest_route=\/wp\/v2\/posts"}],"about":[{"href":"http:\/\/www.portaldelolleria.es\/index.php?rest_route=\/wp\/v2\/types\/post"}],"author":[{"embeddable":true,"href":"http:\/\/www.portaldelolleria.es\/index.php?rest_route=\/wp\/v2\/users\/1"}],"replies":[{"embeddable":true,"href":"http:\/\/www.portaldelolleria.es\/index.php?rest_route=%2Fwp%2Fv2%2Fcomments&post=10353"}],"version-history":[{"count":4,"href":"http:\/\/www.portaldelolleria.es\/index.php?rest_route=\/wp\/v2\/posts\/10353\/revisions"}],"predecessor-version":[{"id":10356,"href":"http:\/\/www.portaldelolleria.es\/index.php?rest_route=\/wp\/v2\/posts\/10353\/revisions\/10356"}],"wp:attachment":[{"href":"http:\/\/www.portaldelolleria.es\/index.php?rest_route=%2Fwp%2Fv2%2Fmedia&parent=10353"}],"wp:term":[{"taxonomy":"category","embeddable":true,"href":"http:\/\/www.portaldelolleria.es\/index.php?rest_route=%2Fwp%2Fv2%2Fcategories&post=10353"},{"taxonomy":"post_tag","embeddable":true,"href":"http:\/\/www.portaldelolleria.es\/index.php?rest_route=%2Fwp%2Fv2%2Ftags&post=10353"}],"curies":[{"name":"wp","href":"https:\/\/api.w.org\/{rel}","templated":true}]}}