{"id":10371,"date":"2015-08-28T22:20:55","date_gmt":"2015-08-28T20:20:55","guid":{"rendered":"http:\/\/www.portaldelolleria.es\/?p=10371"},"modified":"2015-09-01T23:03:32","modified_gmt":"2015-09-01T21:03:32","slug":"el-olimpic-de-xativa-se-adjudica-el-trofeo-vicente-albinana","status":"publish","type":"post","link":"http:\/\/www.portaldelolleria.es\/?p=10371","title":{"rendered":"El Ol\u00edmpic de X\u00e1tiva se adjudica el trofeo \u00abVicente Albi\u00f1ana\u00bb"},"content":{"rendered":"<p><a href=\"http:\/\/www.portaldelolleria.es\/wp-content\/uploads\/2015\/09\/queca.jpg\"><img loading=\"lazy\" class=\"aligncenter size-full wp-image-10372\" title=\"queca\" src=\"http:\/\/www.portaldelolleria.es\/wp-content\/uploads\/2015\/09\/queca.jpg\" alt=\"\" width=\"598\" height=\"398\" srcset=\"http:\/\/www.portaldelolleria.es\/wp-content\/uploads\/2015\/09\/queca.jpg 598w, http:\/\/www.portaldelolleria.es\/wp-content\/uploads\/2015\/09\/queca-300x199.jpg 300w\" sizes=\"(max-width: 598px) 100vw, 598px\" \/><\/a><\/p>\n<p style=\"text-align: justify;\">El pasado martes 25 coincidiendo con la programaci\u00f3n de fiestas, se celebr\u00f3 el primer trofeo \u00abVicente Albi\u00f1ana\u00bb (La Queca), con la asistencia del propio Vicente Albi\u00f1ana que recibi\u00f3 un m\u00e1s que merecido homenaje.<\/p>\n<p style=\"text-align: justify;\">Para este primer trofeo, organizado por L&#8217;Olleria CF,\u00a0 el equipo invitado fu\u00e9 el Olimpic de X\u00e1tiva, equipo que actualmente milita en la segunda divisi\u00f3n B.\u00a0 Resaltar que el equipo setabense, se present\u00f3 con toda la plantilla,\u00a0 detalle de agradecer tanto por los aficionados, como los organizadores, ya que es una grata muestra de respeto tanto por el trofeo, como por la ciudad.<\/p>\n<p style=\"text-align: justify;\">El resultado evidenci\u00f3 la diferencia de categor\u00edas en que milita cada club.\u00a0 Con un o-4, se adjudic\u00f3 la copa, adem\u00e1s de inscribirse como el primer ganador del este reci\u00e9n inaugurado trofeo.<\/p>\n<p style=\"text-align: justify;\">Por otra banda, el protagonista de este primer trofeo, Vicente Albi\u00f1ana, encargado tanto del saque de honor, asi como la entrega del trofeo al campe\u00f3n, estuvo arropado por los suyos, adem\u00e1s de recibir el afecto del respetable.\u00a0 Al acto tambi\u00e9n cont\u00f3 con la asistencia del\u00a0 Alcalde, Juli\u00e1 Engo.<\/p>\n<p style=\"text-align: justify;\">Sin duda alguna un gran d\u00eda festivo para el futbol, adem\u00e1s de un merecido homenaje a un hombre que lo ha sido todo en el l&#8217;Olleria CF.<\/p>\n<p><a href=\"https:\/\/www.flickr.com\/photos\/134123620@N07\/albums\/72157657626973159\" target=\"_blank\">Ver el alb\u00fam de fotos<\/a>\u00a0 (68 imagenes)<\/p>\n<p>&nbsp;<\/p>\n","protected":false},"excerpt":{"rendered":"<p>El pasado martes 25 coincidiendo con la programaci\u00f3n de fiestas, se celebr\u00f3 el primer trofeo \u00abVicente Albi\u00f1ana\u00bb (La Queca), con la asistencia del propio Vicente Albi\u00f1ana que recibi\u00f3 un m\u00e1s que merecido homenaje. Para este primer trofeo, organizado por L&#8217;Olleria CF,\u00a0 el equipo invitado fu\u00e9 el Olimpic de X\u00e1tiva, equipo que actualmente milita en la [&hellip;]<\/p>\n","protected":false},"author":1,"featured_media":0,"comment_status":"closed","ping_status":"open","sticky":false,"template":"","format":"standard","meta":{"_monsterinsights_skip_tracking":false,"_monsterinsights_sitenote_active":false,"_monsterinsights_sitenote_note":"","_monsterinsights_sitenote_category":0},"categories":[9,12],"tags":[315,1424,1425,1423,92],"_links":{"self":[{"href":"http:\/\/www.portaldelolleria.es\/index.php?rest_route=\/wp\/v2\/posts\/10371"}],"collection":[{"href":"http:\/\/www.portaldelolleria.es\/index.php?rest_route=\/wp\/v2\/posts"}],"about":[{"href":"http:\/\/www.portaldelolleria.es\/index.php?rest_route=\/wp\/v2\/types\/post"}],"author":[{"embeddable":true,"href":"http:\/\/www.portaldelolleria.es\/index.php?rest_route=\/wp\/v2\/users\/1"}],"replies":[{"embeddable":true,"href":"http:\/\/www.portaldelolleria.es\/index.php?rest_route=%2Fwp%2Fv2%2Fcomments&post=10371"}],"version-history":[{"count":3,"href":"http:\/\/www.portaldelolleria.es\/index.php?rest_route=\/wp\/v2\/posts\/10371\/revisions"}],"predecessor-version":[{"id":10375,"href":"http:\/\/www.portaldelolleria.es\/index.php?rest_route=\/wp\/v2\/posts\/10371\/revisions\/10375"}],"wp:attachment":[{"href":"http:\/\/www.portaldelolleria.es\/index.php?rest_route=%2Fwp%2Fv2%2Fmedia&parent=10371"}],"wp:term":[{"taxonomy":"category","embeddable":true,"href":"http:\/\/www.portaldelolleria.es\/index.php?rest_route=%2Fwp%2Fv2%2Fcategories&post=10371"},{"taxonomy":"post_tag","embeddable":true,"href":"http:\/\/www.portaldelolleria.es\/index.php?rest_route=%2Fwp%2Fv2%2Ftags&post=10371"}],"curies":[{"name":"wp","href":"https:\/\/api.w.org\/{rel}","templated":true}]}}