{"id":10451,"date":"2015-09-15T14:13:46","date_gmt":"2015-09-15T12:13:46","guid":{"rendered":"http:\/\/www.portaldelolleria.es\/?p=10451"},"modified":"2015-09-15T20:19:56","modified_gmt":"2015-09-15T18:19:56","slug":"8%c2%aa-edicion-de-senderismo-a-la-vall-dalbaida-2015","status":"publish","type":"post","link":"http:\/\/www.portaldelolleria.es\/?p=10451","title":{"rendered":"8\u00aa Edici\u00f3n de Senderismo en \u00abla Vall d&#8217;Albaida\u00bb 2015"},"content":{"rendered":"<h3 style=\"text-align: justify;\"><a href=\"http:\/\/www.portaldelolleria.es\/wp-content\/uploads\/2015\/09\/senderismo2015.jpg\"><img loading=\"lazy\" class=\"aligncenter size-full wp-image-10452\" title=\"senderismo2015\" src=\"http:\/\/www.portaldelolleria.es\/wp-content\/uploads\/2015\/09\/senderismo2015.jpg\" alt=\"\" width=\"598\" height=\"398\" srcset=\"http:\/\/www.portaldelolleria.es\/wp-content\/uploads\/2015\/09\/senderismo2015.jpg 598w, http:\/\/www.portaldelolleria.es\/wp-content\/uploads\/2015\/09\/senderismo2015-300x199.jpg 300w\" sizes=\"(max-width: 598px) 100vw, 598px\" \/><\/a><\/h3>\n<h3 style=\"text-align: justify;\"><\/h3>\n<p style=\"text-align: justify;\">8\u00aa Edici\u00f3n de Senderismo en \u00abla Vall d&#8217;Albaida\u00bb\u00a0 2.015<br \/>\n28 rutas de senderismo en 4 meses<\/p>\n<p style=\"text-align: justify;\">Valle de Albaida \/\/ 15.09.2015.- La Mancomunidad de Municipios de la Vall d&#8217;Albaida, con la colaboraci\u00f3n de los municipios y de los centros excursionistas de la comarca, han organizado, la octava edici\u00f3n de Senderismo en \u00abla Vall d&#8217;Albaida\u00bb 2015. Esta iniciativa tur\u00edstica medioambiental tiene como escenario las sierras que rodean la comarca. El objetivo principal del programa de senderismo es dar a conocer los numerosos recursos ecol\u00f3gicos, naturales, bot\u00e1nicos y patrimoniales, as\u00ed como los espacios singulares y zonas naturales protegidas que rodean el valle. Mediante este proyecto la Mancomunidad quiere ofrecer un turismo natural, ecol\u00f3gico y sostenible.<\/p>\n<p style=\"text-align: justify;\">Para el presidente de la entidad, Vicente Gomar Moscard\u00f3, \u00abel senderismo es un programa muy demandado y esperado por todos los amantes de la naturaleza que fusiona el medio ambiente, la cultura, el deporte y la salud en un mismo territorio\u00bb ha continuado: \u00abse trata de una actividad din\u00e1mica, divertida y apta para todos los tipos de p\u00fablicos que quieran fomentar la actividad f\u00edsica, disfrutar del entorno y la buena compa\u00f1\u00eda\u00bb.<\/p>\n<p style=\"text-align: justify;\">Gomar enfatiz\u00f3: \u00abse trata de un programa intenso que aglutina 28 rutas de senderismo, que se realizar\u00e1n en 4 meses, desde el 19 de septiembre que comienza en el municipio de Alfarras\u00ed hasta el 20 de diciembre que concluir\u00e1 en Bell\u00fas\u00bb. \u00abUn total de 14 fines de semana har\u00e1n las delicias de todos los amantes de la naturaleza\u00bb.<\/p>\n<p style=\"text-align: justify;\">El edil ha animado a todos los vecinos de la comarca y comarcas vecinas realizar estas rutas verdes por nuestras sierras, \u00abseguro que encontrar\u00e1s cualquier motivo para disfrutar de nuestros recursos culturales y naturales\u00bb: concluy\u00f3 Gomar.<\/p>\n<p style=\"text-align: justify;\">Este a\u00f1o las rutas tienen un precio simb\u00f3lico de 2 \u20ac por persona y ruta, en concepto de seguro, que deber\u00e1n abonar el responsable en cada municipio 15 minutos antes de comenzar la marcha. Los usuarios deben estar inscrito de forma online, como m\u00e1ximo, el jueves anterior en la ruta a trav\u00e9s de la web en www.valldalbaida.com y consultar todas las bases de participaci\u00f3n.<\/p>\n<p style=\"text-align: justify;\"><strong>S\u00e1bado 19 de septiembre: Alfarras\u00ed<\/strong><\/p>\n<p style=\"text-align: justify;\">Realizaremos la ruta de los \u00abpueblos del R\u00edo\u00bb. A las 9h de la ma\u00f1ana, desde el ayuntamiento de Alfarras\u00ed saldremos hacia Benisuera, donde podremos contemplar el Palacio de Benisuera, que fue construido en el siglo XV, adem\u00e1s, del encanto de los pueblos peque\u00f1os y acogedores como \u00e9ste. Continuaremos en direcci\u00f3n a Sempere, donde admiraremos el paisaje que deja a una parte y otra del camino, hasta llegar a Sempere. All\u00ed podremos observar el mirador del embalse de Bell\u00fas desde otra perspectiva y pasear por el pueblo, que cuenta, al igual que Benisuera, con un palacio medieval, que actualmente alberga, el Ayuntamiento. As\u00ed como la iglesia de San Blas. Hacia las 10: 30h horas est\u00e1 previsto el desayuno all\u00ed. Seguidamente continuaremos la ruta hasta llegar al pueblo. Al finalizar la marcha, habr\u00e1 un refrigerio para los participantes.<\/p>\n<p style=\"text-align: justify;\">La longitud total es de 8 km y el tiempo aproximado es de 3 horas. Presenta una dificultad baja y merece la pena conocer los parajes naturales que rodean los pueblos del r\u00edo con la panor\u00e1mica del embalse de Bell\u00fas.<\/p>\n<p style=\"text-align: justify;\"><strong>Domingo 20 de septiembre: Fontanars<\/strong><\/p>\n<p style=\"text-align: justify;\">Realizaremos la ruta de la cal en Fontanars. La marcha consta de una torre circular a pie guiada por el t\u00e9rmino de Fontanars de unos 9-10 km que pasar\u00e1 varias de estas construcciones utilizadas para la elaboraci\u00f3n de la cal, algunas de ellas restauradas. Al mismo tiempo de esta caminata y visita, habr\u00e1 peque\u00f1as explicaciones sobre el producto de la cal y el oficio de calero, explicadas por los gu\u00edas del recorrido as\u00ed como por un antiguo calero, que nos contar\u00e1 sus experiencias en este oficio. Despu\u00e9s retomaremos el camino hacia el pueblo y nos dirigimos a la casa de la cultura donde se proyectar\u00e1 un corto documental, de unos 20 minutos, que narra c\u00f3mo era ese desaparecido oficio.<\/p>\n<p style=\"text-align: justify;\">A la finalizaci\u00f3n de la ruta del ayuntamiento de Fontanars ofrecer\u00e1 un peque\u00f1o refrigerio para los participantes. La longitud total es de 10 km y el tiempo aproximado es de 4 horas Presenta una dificultad media y merece la pena descubrir el patrimonio industrial de los hornos de cal y su fabricaci\u00f3n de los revestimientos naturales.<\/p>\n<p style=\"text-align: justify;\">\u00abla Vall d&#8217;Albaida\u00bb, para\u00a0 disfrutarla con los cinco sentidos<\/p>\n<p style=\"text-align: justify;\">Organiza: Departamento de Turismo de la Mancomunidad de Municipios de la Vall d&#8217;Albaida<\/p>\n<p style=\"text-align: justify;\">Colaboran: Ayuntamientos del \u00abla Vall d&#8217;Albaida\u00bb y centros excursionistas de la comarca<\/p>\n<p style=\"text-align: justify;\"><strong>SENDERISMO 2015<\/strong><\/p>\n<div>\n<p style=\"text-align: justify;\"><strong><span style=\"text-decoration: underline;\">Notes:<\/span><\/strong><\/p>\n<p style=\"text-align: justify;\">1) Inscripcions\u00a0 fins el dijous anterior a la ruta en: <a href=\"https:\/\/goo.gl\/7EJ5Ps\">https:\/\/goo.gl\/7EJ5Ps<\/a><\/p>\n<p style=\"text-align: justify;\">2) Adjuntem el programa de senderisme: <a href=\"http:\/\/goo.gl\/jxcyqJ\">http:\/\/goo.gl\/jxcyqJ<\/a><\/p>\n<p style=\"text-align: justify;\">3) M\u00e9s informaci\u00f3 en <strong><a title=\"blocked::http:\/\/www.valldalbaida.com\/ http:\/\/www.valldalbaida.com\/\" href=\"http:\/\/www.valldalbaida.com\/\" target=\"_blank\">www.valldalbaida.com<\/a><\/strong><\/p>\n<p style=\"text-align: justify;\"><strong>Pagar 2\u20ac per persona i ruta, al responsable, abans de comen\u00e7ar la ruta verda.<\/strong><\/p>\n<\/div>\n","protected":false},"excerpt":{"rendered":"<p>8\u00aa Edici\u00f3n de Senderismo en \u00abla Vall d&#8217;Albaida\u00bb\u00a0 2.015 28 rutas de senderismo en 4 meses Valle de Albaida \/\/ 15.09.2015.- La Mancomunidad de Municipios de la Vall d&#8217;Albaida, con la colaboraci\u00f3n de los municipios y de los centros excursionistas de la comarca, han organizado, la octava edici\u00f3n de Senderismo en \u00abla Vall d&#8217;Albaida\u00bb 2015. [&hellip;]<\/p>\n","protected":false},"author":1,"featured_media":0,"comment_status":"closed","ping_status":"open","sticky":false,"template":"","format":"standard","meta":{"_monsterinsights_skip_tracking":false,"_monsterinsights_sitenote_active":false,"_monsterinsights_sitenote_note":"","_monsterinsights_sitenote_category":0},"categories":[10,12],"tags":[113,195,209],"_links":{"self":[{"href":"http:\/\/www.portaldelolleria.es\/index.php?rest_route=\/wp\/v2\/posts\/10451"}],"collection":[{"href":"http:\/\/www.portaldelolleria.es\/index.php?rest_route=\/wp\/v2\/posts"}],"about":[{"href":"http:\/\/www.portaldelolleria.es\/index.php?rest_route=\/wp\/v2\/types\/post"}],"author":[{"embeddable":true,"href":"http:\/\/www.portaldelolleria.es\/index.php?rest_route=\/wp\/v2\/users\/1"}],"replies":[{"embeddable":true,"href":"http:\/\/www.portaldelolleria.es\/index.php?rest_route=%2Fwp%2Fv2%2Fcomments&post=10451"}],"version-history":[{"count":6,"href":"http:\/\/www.portaldelolleria.es\/index.php?rest_route=\/wp\/v2\/posts\/10451\/revisions"}],"predecessor-version":[{"id":10465,"href":"http:\/\/www.portaldelolleria.es\/index.php?rest_route=\/wp\/v2\/posts\/10451\/revisions\/10465"}],"wp:attachment":[{"href":"http:\/\/www.portaldelolleria.es\/index.php?rest_route=%2Fwp%2Fv2%2Fmedia&parent=10451"}],"wp:term":[{"taxonomy":"category","embeddable":true,"href":"http:\/\/www.portaldelolleria.es\/index.php?rest_route=%2Fwp%2Fv2%2Fcategories&post=10451"},{"taxonomy":"post_tag","embeddable":true,"href":"http:\/\/www.portaldelolleria.es\/index.php?rest_route=%2Fwp%2Fv2%2Ftags&post=10451"}],"curies":[{"name":"wp","href":"https:\/\/api.w.org\/{rel}","templated":true}]}}