{"id":10458,"date":"2015-09-15T10:00:22","date_gmt":"2015-09-15T08:00:22","guid":{"rendered":"http:\/\/www.portaldelolleria.es\/?p=10458"},"modified":"2015-09-15T18:10:27","modified_gmt":"2015-09-15T16:10:27","slug":"beca-galol-para-master-gestion-sistema-calidad-aimme-ucv-2015-16","status":"publish","type":"post","link":"http:\/\/www.portaldelolleria.es\/?p=10458","title":{"rendered":"Beca Galol para Master gesti\u00f3n sistema calidad AIMME-UCV 2015-16"},"content":{"rendered":"<p><a href=\"http:\/\/www.portaldelolleria.es\/wp-content\/uploads\/2015\/09\/galol.jpg\"><img loading=\"lazy\" class=\"aligncenter size-full wp-image-10459\" title=\"galol\" src=\"http:\/\/www.portaldelolleria.es\/wp-content\/uploads\/2015\/09\/galol.jpg\" alt=\"\" width=\"598\" height=\"398\" srcset=\"http:\/\/www.portaldelolleria.es\/wp-content\/uploads\/2015\/09\/galol.jpg 598w, http:\/\/www.portaldelolleria.es\/wp-content\/uploads\/2015\/09\/galol-300x199.jpg 300w\" sizes=\"(max-width: 598px) 100vw, 598px\" \/><\/a><\/p>\n<p>&nbsp;<\/p>\n<h4><strong>Galol SA, promueve una beca de 2.000 \u20ac para cursar el \u201cMaster en gesti\u00f3n de sistemas de calidad, medio ambiente y prevenci\u00f3n de riesgos AIMME-UCV 2015 hasta 2016\u201c.<\/strong><\/h4>\n<p>&nbsp;<\/p>\n<p>Galol S.A., empresa de l\u2019Oller\u00eda asociada a COEVAL, patrocina por segundo a\u00f1o consecutivo una beca para un alumno\/a residente en la Vall d\u2019Albaida de la pr\u00f3xima edici\u00f3n, 2015-2016, del M\u00e1ster Universitario en Gesti\u00f3n de Sistemas de Calidad, Medio Ambiente y Prevenci\u00f3n de Riesgos Laborales promovido AIMME (Instituto Tecnol\u00f3gico Metalmec\u00e1nico) y la UCV (Universidad Cat\u00f3lica de Valencia).<\/p>\n<p>El plazo para presentaci\u00f3n de solicitudes finaliza el 30 de septiembre de 2015.<\/p>\n<p>Galol, S.A., empresa auxiliar de la industria met\u00e1lica y pl\u00e1stica de automoci\u00f3n, ubicada en l\u2019Oller\u00eda, l\u00edder en el sector de recubrimientos (electrol\u00edticos, qu\u00edmicos, org\u00e1nicos, inorg\u00e1nicos de conversi\u00f3n\u2026), en su compromiso por contribuir a la mejora competitiva de la sociedad en general y de las empresas en particular, conceder\u00e1 una beca de 2.000\u20ac a un alumno de la pr\u00f3xima edici\u00f3n de los M\u00e1steres AIMME-UCV para colaborar con su formaci\u00f3n especializada en el \u00e1mbito de la gesti\u00f3n de sistemas de calidad, medio ambiente y prevenci\u00f3n.<\/p>\n<p>Desde COEVAL se valoran positivamente iniciativas como la \u201cBeca Galol\u201d, especialmente en estos momentos con una situaci\u00f3n econ\u00f3mica complicada para muchos j\u00f3venes que necesitan formarse para tener acceso a puestos de trabajo en sectores actualmente demandantes como el de automoci\u00f3n, con altos est\u00e1ndares de calidad, elevadas exigencias ambientales y que requieren de personal especializado. Por ello\u00a0 es muy de agradecer el compromiso de empresas privadas l\u00edderes que apuestan por aportar sus recursos para la mejora de nuestro tejido productivo, en un ejemplo claro de responsabilidad social empresarial llevado a la pr\u00e1ctica por una pyme industrial de la comarca de la Vall d\u2019Albaida.<\/p>\n<p><a href=\"http:\/\/www.portaldelolleria.es\/pdfs\/Beca_GALOL.pdf\" target=\"_blank\">descargar bases convocatoria<\/a><\/p>\n<p><a href=\"http:\/\/www.portaldelolleria.es\/pdfs\/SOLICITUD.docx\" target=\"_blank\">descargar solicitud<\/a><\/p>\n<p>&nbsp;<\/p>\n<p><strong>M\u00e9s informaci\u00f3:<\/strong><\/p>\n<p>Unitat de Formaci\u00f3 \u2013 AIMME<\/p>\n<p>Tel. 96 136 65 27<\/p>\n<p><a href=\"mailto:master@aimme.es\">master@aimme.es<\/a><\/p>\n<p><a href=\"http:\/\/master.aimme.es\/\">http:\/\/master.aimme.es\/<\/a><\/p>\n","protected":false},"excerpt":{"rendered":"<p>&nbsp; Galol SA, promueve una beca de 2.000 \u20ac para cursar el \u201cMaster en gesti\u00f3n de sistemas de calidad, medio ambiente y prevenci\u00f3n de riesgos AIMME-UCV 2015 hasta 2016\u201c. &nbsp; Galol S.A., empresa de l\u2019Oller\u00eda asociada a COEVAL, patrocina por segundo a\u00f1o consecutivo una beca para un alumno\/a residente en la Vall d\u2019Albaida de la [&hellip;]<\/p>\n","protected":false},"author":1,"featured_media":0,"comment_status":"closed","ping_status":"open","sticky":false,"template":"","format":"standard","meta":{"_monsterinsights_skip_tracking":false,"_monsterinsights_sitenote_active":false,"_monsterinsights_sitenote_note":"","_monsterinsights_sitenote_category":0},"categories":[11,12],"tags":[1428,1060,257],"_links":{"self":[{"href":"http:\/\/www.portaldelolleria.es\/index.php?rest_route=\/wp\/v2\/posts\/10458"}],"collection":[{"href":"http:\/\/www.portaldelolleria.es\/index.php?rest_route=\/wp\/v2\/posts"}],"about":[{"href":"http:\/\/www.portaldelolleria.es\/index.php?rest_route=\/wp\/v2\/types\/post"}],"author":[{"embeddable":true,"href":"http:\/\/www.portaldelolleria.es\/index.php?rest_route=\/wp\/v2\/users\/1"}],"replies":[{"embeddable":true,"href":"http:\/\/www.portaldelolleria.es\/index.php?rest_route=%2Fwp%2Fv2%2Fcomments&post=10458"}],"version-history":[{"count":1,"href":"http:\/\/www.portaldelolleria.es\/index.php?rest_route=\/wp\/v2\/posts\/10458\/revisions"}],"predecessor-version":[{"id":10460,"href":"http:\/\/www.portaldelolleria.es\/index.php?rest_route=\/wp\/v2\/posts\/10458\/revisions\/10460"}],"wp:attachment":[{"href":"http:\/\/www.portaldelolleria.es\/index.php?rest_route=%2Fwp%2Fv2%2Fmedia&parent=10458"}],"wp:term":[{"taxonomy":"category","embeddable":true,"href":"http:\/\/www.portaldelolleria.es\/index.php?rest_route=%2Fwp%2Fv2%2Fcategories&post=10458"},{"taxonomy":"post_tag","embeddable":true,"href":"http:\/\/www.portaldelolleria.es\/index.php?rest_route=%2Fwp%2Fv2%2Ftags&post=10458"}],"curies":[{"name":"wp","href":"https:\/\/api.w.org\/{rel}","templated":true}]}}