{"id":10715,"date":"2015-10-13T18:05:12","date_gmt":"2015-10-13T16:05:12","guid":{"rendered":"http:\/\/www.portaldelolleria.es\/?p=10715"},"modified":"2015-10-13T18:41:23","modified_gmt":"2015-10-13T16:41:23","slug":"espai-ideo-continua-con-su-crecimiento","status":"publish","type":"post","link":"http:\/\/www.portaldelolleria.es\/?p=10715","title":{"rendered":"Espai-Ideo contin\u00faa incorporando nuevas empresas"},"content":{"rendered":"<p><a href=\"http:\/\/www.portaldelolleria.es\/wp-content\/uploads\/2015\/10\/ideo.jpg\"><img loading=\"lazy\" class=\"aligncenter size-full wp-image-10716\" title=\"ideo\" src=\"http:\/\/www.portaldelolleria.es\/wp-content\/uploads\/2015\/10\/ideo.jpg\" alt=\"\" width=\"598\" height=\"398\" srcset=\"http:\/\/www.portaldelolleria.es\/wp-content\/uploads\/2015\/10\/ideo.jpg 598w, http:\/\/www.portaldelolleria.es\/wp-content\/uploads\/2015\/10\/ideo-300x199.jpg 300w\" sizes=\"(max-width: 598px) 100vw, 598px\" \/><\/a><\/p>\n<p>&nbsp;<\/p>\n<p style=\"text-align: justify;\">El espai-IDEO y el vivero de empresas de L&#8217;Olleria, que naci\u00f3 con el objetivo de prestar espacios y servicios a los emprendedores a un reducido coste, crece cada d\u00eda m\u00e1s. Muchas son las empresas que ya se han sumado a esta iniciativa. Empresas de consultor\u00eda empresarial, formaci\u00f3n y nuevas tecnolog\u00edas forman ya parte de este proyecto, como es el caso de Grupo Marsal, que ofrece una amplia formaci\u00f3n en diversos \u00e1mbitos, como por ejemplo la obtenci\u00f3n del carn\u00e9 de fitosanitarios, cursos de bienestar en el transporte animal o cumplimiento de la normativa de alergias alimentarias, entre otros. Desde Grupo Marsal se muestran encantados con la iniciativa del Ayuntamiento de l&#8217;Olleria que, seg\u00fan explicaron, les permite les permite crecer como empresa y realizar proyectos formativos gracias a las posibilidades que ofrece el espai-IDEO. Otra empresa que se ha sumado a esta iniciativa es Ciberfesteros, que se basa en el desarrollo de toda una comunidad virtual en torno a la fiesta de Moros y Cristianos. El punto de partida de esta empresa, que todav\u00eda est\u00e1 en proceso de formaci\u00f3n, es la creaci\u00f3n de festeros.com, una red social dedicada en exclusiva a esta fiesta en la que podremos encontrar servidores de m\u00fasica, fot\u00f3grafos, revistas, etc. En definitiva, esta iniciativa busca unir todas las vertientes que forman parte de esta fiesta y trasladarlas al mundo de internet para, de este modo, satisfacer las necesidades que conllevan los Moros y Cristianos. Lliure energ\u00eda CB, por su parte, es una empresa dedicada a conseguir financiaci\u00f3n para aut\u00f3nomos y emprendedores. Debido a la coyuntura actual, resulta muy dif\u00edcil conseguir fondos para el desarrollo de nuevos proyectos, este es precisamente el objetivo de Lliure energ\u00eda CB, hacer un estudio de las empresas para as\u00ed descubrir cu\u00e1les son las mejores v\u00edas para la obtenci\u00f3n de financiaci\u00f3n en funci\u00f3n de sus caracter\u00edsticas. El valle gesti\u00f3n y formaci\u00f3n es otra de las empresas que podemos encontrar en el espacio IDEO, lo que ofrece es formaci\u00f3n en marketing, gesti\u00f3n y redes sociales, entre otros, es decir, todos aquellos aspectos tan necesarios para una persona que acaba de tomar la decisi\u00f3n de montar una empresa. Ofrecen un seguimiento durante el primer a\u00f1o, en el que acompa\u00f1an a la empresa en todas sus gestiones. Desde La Vall gesti\u00f3 y formaci\u00f3n han elogiado la creaci\u00f3n del espacio IDEO, por todas las posibilidades que ofrece tanto el espacio dedicado al coworking como los despachos de la instalaci\u00f3n. Por su parte, Juan Enrique Ferrando, que se dedica a la medicina tradicional china y la nutrici\u00f3n, tambi\u00e9n forma parte de este espacio, y destaca que el IDEO es un lugar que le permite hacer difusi\u00f3n de su trabajo. Finalmente, Vicent Albi\u00f1ana, concejal de promoci\u00f3n econ\u00f3mica ha destacado la importancia de las sinergias y de la creaci\u00f3n y utilizaci\u00f3n de espacios comunes.<\/p>\n<pre style=\"text-align: justify;\">textos: Ajuntament de l'Olleria<\/pre>\n<p><iframe loading=\"lazy\" src=\"http:\/\/www.comarcal.tv\/video\/240915ideo.mp4\" frameborder=\"0\" width=\"598\" height=\"336\"><\/iframe><\/p>\n","protected":false},"excerpt":{"rendered":"<p>&nbsp; El espai-IDEO y el vivero de empresas de L&#8217;Olleria, que naci\u00f3 con el objetivo de prestar espacios y servicios a los emprendedores a un reducido coste, crece cada d\u00eda m\u00e1s. Muchas son las empresas que ya se han sumado a esta iniciativa. Empresas de consultor\u00eda empresarial, formaci\u00f3n y nuevas tecnolog\u00edas forman ya parte de [&hellip;]<\/p>\n","protected":false},"author":1,"featured_media":0,"comment_status":"closed","ping_status":"open","sticky":false,"template":"","format":"standard","meta":{"_monsterinsights_skip_tracking":false,"_monsterinsights_sitenote_active":false,"_monsterinsights_sitenote_note":"","_monsterinsights_sitenote_category":0},"categories":[11,12],"tags":[1406],"_links":{"self":[{"href":"http:\/\/www.portaldelolleria.es\/index.php?rest_route=\/wp\/v2\/posts\/10715"}],"collection":[{"href":"http:\/\/www.portaldelolleria.es\/index.php?rest_route=\/wp\/v2\/posts"}],"about":[{"href":"http:\/\/www.portaldelolleria.es\/index.php?rest_route=\/wp\/v2\/types\/post"}],"author":[{"embeddable":true,"href":"http:\/\/www.portaldelolleria.es\/index.php?rest_route=\/wp\/v2\/users\/1"}],"replies":[{"embeddable":true,"href":"http:\/\/www.portaldelolleria.es\/index.php?rest_route=%2Fwp%2Fv2%2Fcomments&post=10715"}],"version-history":[{"count":4,"href":"http:\/\/www.portaldelolleria.es\/index.php?rest_route=\/wp\/v2\/posts\/10715\/revisions"}],"predecessor-version":[{"id":10720,"href":"http:\/\/www.portaldelolleria.es\/index.php?rest_route=\/wp\/v2\/posts\/10715\/revisions\/10720"}],"wp:attachment":[{"href":"http:\/\/www.portaldelolleria.es\/index.php?rest_route=%2Fwp%2Fv2%2Fmedia&parent=10715"}],"wp:term":[{"taxonomy":"category","embeddable":true,"href":"http:\/\/www.portaldelolleria.es\/index.php?rest_route=%2Fwp%2Fv2%2Fcategories&post=10715"},{"taxonomy":"post_tag","embeddable":true,"href":"http:\/\/www.portaldelolleria.es\/index.php?rest_route=%2Fwp%2Fv2%2Ftags&post=10715"}],"curies":[{"name":"wp","href":"https:\/\/api.w.org\/{rel}","templated":true}]}}