{"id":10739,"date":"2015-10-15T11:26:01","date_gmt":"2015-10-15T09:26:01","guid":{"rendered":"http:\/\/www.portaldelolleria.es\/?p=10739"},"modified":"2015-10-15T11:27:20","modified_gmt":"2015-10-15T09:27:20","slug":"el-cine-documental-vuelve-a-montaverner","status":"publish","type":"post","link":"http:\/\/www.portaldelolleria.es\/?p=10739","title":{"rendered":"El cine documental vuelve a Montaverner."},"content":{"rendered":"<p><a href=\"http:\/\/www.portaldelolleria.es\/wp-content\/uploads\/2015\/10\/cartel-mondoc2.jpg\"><img loading=\"lazy\" class=\"aligncenter size-full wp-image-10740\" title=\"cartel mondoc2\" src=\"http:\/\/www.portaldelolleria.es\/wp-content\/uploads\/2015\/10\/cartel-mondoc2.jpg\" alt=\"\" width=\"598\" height=\"398\" srcset=\"http:\/\/www.portaldelolleria.es\/wp-content\/uploads\/2015\/10\/cartel-mondoc2.jpg 598w, http:\/\/www.portaldelolleria.es\/wp-content\/uploads\/2015\/10\/cartel-mondoc2-300x199.jpg 300w\" sizes=\"(max-width: 598px) 100vw, 598px\" \/><\/a><\/p>\n<p>&nbsp;<\/p>\n<p><strong>El cine documental vuelve a Montaverner.<\/strong><\/p>\n<p>MON \u00b7 DOC arranca el pr\u00f3ximo s\u00e1bado 17 de octubre su 7\u00aa edici\u00f3n.<\/p>\n<p>Con la gala inaugural que se celebrar\u00e1 en el Auditorio Municipal Luis Peir\u00f3 de Montaverner dar\u00e1 comienzo una nueva edici\u00f3n de la Muestra de Cine Documental de Montaverner. Para este acto,\u00a0 que contar\u00e1 con la presencia de autoridades de diferentes \u00e1mbitos, esta programada la proyecci\u00f3n del documental \u00abPaco de Luc\u00eda, la b\u00fasqueda\u00bb, que ser\u00e1 presentado por Curro S\u00e1nchez, director del mismo e hijo del desaparecido Paco de Luc\u00eda .<\/p>\n<p>Con este trabajo, galardonado con el Goya 2015 a la Mejor Pel\u00edcula Documental, se iniciar\u00e1 el ciclo de proyecciones que se alargar\u00e1 hasta el s\u00e1bado 24 de octubre, y durante el cual se proyectar\u00e1n dos documentales cada d\u00eda. Los doce trabajos seleccionados son los finalistas del Premio MON \u00b7 DOC, seis en la categor\u00eda de largo documental y seis m\u00e1s en la categor\u00eda de cortos.<\/p>\n<p>Con una participaci\u00f3n de r\u00e9cord, cerca de 200 fueron los documentales presentados a la tercera edici\u00f3n del Premio MON \u00b7 DOC, este s\u00e9ptimo MON \u00b7 DOC quiere ser el que consolide la Muestra todo el territorio nacional y ponga Montaverner, un pueblo de 1.800 habitantes en el centro medio del Valle de Albaida, en el panorama del cine documental.<\/p>\n<p>Desde el Ayuntamiento, organizador del festival, se muestran muy satisfechos con este nivel de participaci\u00f3n, pero sobre todo con la calidad de los trabajos presentados, y quieren agradecer a todos los miembros de los jurados que valorar\u00e1n los documentales de cada categor\u00eda su desinteresado trabajo. Tambi\u00e9n destacan la colaboraci\u00f3n y el apoyo que cada a\u00f1o recibe la Muestra desde las instituciones como Culturart-IVAC, el SARC de la Diputaci\u00f3n de Valencia o la Mancomunidad de Municipios del Valle de Albaida.<\/p>\n<p>Un a\u00f1o m\u00e1s Montaverner se llenar\u00e1 una semana del mejor cine documental. Una cita para todos los amantes de este g\u00e9nero y para todos los que quieran empezar a conocerlo.<\/p>\n<p><a href=\"http:\/\/www.portaldelolleria.es\/pdfs\/MON\u00b7DOC 2015.pdf\" target=\"_blank\">Consultar programaci\u00f3n completa<\/a><\/p>\n<p><a href=\"http:\/\/www.portaldelolleria.es\/wp-content\/uploads\/2015\/10\/CARTELL-MON-DOC-2015B.jpg\"><img loading=\"lazy\" class=\"aligncenter size-full wp-image-10742\" title=\"CARTELL MON-DOC 2015B\" src=\"http:\/\/www.portaldelolleria.es\/wp-content\/uploads\/2015\/10\/CARTELL-MON-DOC-2015B.jpg\" alt=\"\" width=\"598\" height=\"859\" srcset=\"http:\/\/www.portaldelolleria.es\/wp-content\/uploads\/2015\/10\/CARTELL-MON-DOC-2015B.jpg 598w, http:\/\/www.portaldelolleria.es\/wp-content\/uploads\/2015\/10\/CARTELL-MON-DOC-2015B-208x300.jpg 208w\" sizes=\"(max-width: 598px) 100vw, 598px\" \/><\/a><\/p>\n","protected":false},"excerpt":{"rendered":"<p>&nbsp; El cine documental vuelve a Montaverner. MON \u00b7 DOC arranca el pr\u00f3ximo s\u00e1bado 17 de octubre su 7\u00aa edici\u00f3n. Con la gala inaugural que se celebrar\u00e1 en el Auditorio Municipal Luis Peir\u00f3 de Montaverner dar\u00e1 comienzo una nueva edici\u00f3n de la Muestra de Cine Documental de Montaverner. Para este acto,\u00a0 que contar\u00e1 con la [&hellip;]<\/p>\n","protected":false},"author":1,"featured_media":0,"comment_status":"closed","ping_status":"open","sticky":false,"template":"","format":"standard","meta":{"_monsterinsights_skip_tracking":false,"_monsterinsights_sitenote_active":false,"_monsterinsights_sitenote_note":"","_monsterinsights_sitenote_category":0},"categories":[16,789,12],"tags":[],"_links":{"self":[{"href":"http:\/\/www.portaldelolleria.es\/index.php?rest_route=\/wp\/v2\/posts\/10739"}],"collection":[{"href":"http:\/\/www.portaldelolleria.es\/index.php?rest_route=\/wp\/v2\/posts"}],"about":[{"href":"http:\/\/www.portaldelolleria.es\/index.php?rest_route=\/wp\/v2\/types\/post"}],"author":[{"embeddable":true,"href":"http:\/\/www.portaldelolleria.es\/index.php?rest_route=\/wp\/v2\/users\/1"}],"replies":[{"embeddable":true,"href":"http:\/\/www.portaldelolleria.es\/index.php?rest_route=%2Fwp%2Fv2%2Fcomments&post=10739"}],"version-history":[{"count":3,"href":"http:\/\/www.portaldelolleria.es\/index.php?rest_route=\/wp\/v2\/posts\/10739\/revisions"}],"predecessor-version":[{"id":10744,"href":"http:\/\/www.portaldelolleria.es\/index.php?rest_route=\/wp\/v2\/posts\/10739\/revisions\/10744"}],"wp:attachment":[{"href":"http:\/\/www.portaldelolleria.es\/index.php?rest_route=%2Fwp%2Fv2%2Fmedia&parent=10739"}],"wp:term":[{"taxonomy":"category","embeddable":true,"href":"http:\/\/www.portaldelolleria.es\/index.php?rest_route=%2Fwp%2Fv2%2Fcategories&post=10739"},{"taxonomy":"post_tag","embeddable":true,"href":"http:\/\/www.portaldelolleria.es\/index.php?rest_route=%2Fwp%2Fv2%2Ftags&post=10739"}],"curies":[{"name":"wp","href":"https:\/\/api.w.org\/{rel}","templated":true}]}}