{"id":1079,"date":"2012-07-26T17:41:04","date_gmt":"2012-07-26T16:41:04","guid":{"rendered":"http:\/\/www.portaldelolleria.es\/?p=1079"},"modified":"2012-07-26T17:46:09","modified_gmt":"2012-07-26T16:46:09","slug":"la-sem-santa-cecilia-de-l%e2%80%99olleria-banda-invitada-en-el-xx-festival-de-bandas-de-musica-ciudad-de-peniscola","status":"publish","type":"post","link":"http:\/\/www.portaldelolleria.es\/?p=1079","title":{"rendered":"La SEM Santa Cec\u00edlia de L\u2019Olleria banda invitada en el XX Festival de Bandas de M\u00fasica Ciudad de Pe\u00f1\u00edscola"},"content":{"rendered":"<p><a href=\"http:\/\/www.portaldelolleria.es\/wp-content\/uploads\/2012\/07\/libertobenet-olleria.jpg\"><img loading=\"lazy\" class=\"aligncenter size-full wp-image-1081\" title=\"libertobenet-olleria\" src=\"http:\/\/www.portaldelolleria.es\/wp-content\/uploads\/2012\/07\/libertobenet-olleria.jpg\" alt=\"\" width=\"598\" height=\"398\" srcset=\"http:\/\/www.portaldelolleria.es\/wp-content\/uploads\/2012\/07\/libertobenet-olleria.jpg 598w, http:\/\/www.portaldelolleria.es\/wp-content\/uploads\/2012\/07\/libertobenet-olleria-300x199.jpg 300w\" sizes=\"(max-width: 598px) 100vw, 598px\" \/><\/a><\/p>\n<p>Despu\u00e9s del gran \u00e9xito alcanzado por la SEM Santa Cec\u00edlia el pasado fin de semana en el Festival Liberto Benet, ahora se preparan para este s\u00e1bado, d\u00eda en el que participaran en el XX Festival de Bandas de M\u00fasica Ciudad de Pe\u00f1\u00edscola.<\/p>\n<p>Desde la Banda tanto su presidente Manolo Cerd\u00e0 como su director Pere Molina han asegurado estar muy contentos por poder participar en este Festival y adem\u00e1s hacerlo como banda invitada por lo que han animado a todos los que quieran disfrutar de un gran concierto en un entorno precioso, a acompa\u00f1arlos el s\u00e1bado 28 a las 21:00 horas en el parque de Artilleria.<\/p>\n<p>Una participaci\u00f3n que adem\u00e1s, han asegurado \u201cnos permite salir de la rutina y conocer a otras bandas de m\u00fasica\u201d.<\/p>\n<p>En cuanto al Festival Liberto Benet, festival que anualmente dedica la SEM Sta. Cecilia al que fuera su director e hijo adoptivo de L\u2019Olleria Liberto Benet Mart\u00ednez, \u00a0han querido agradecer el inter\u00e9s demostrado por las \u201cm\u00e1s de 400 personas que llenaron el patio de la Casa Santonja el pasado domingo y nos acompa\u00f1aron en este festival que para nosotros es tan especial\u201d destacando \u201cla participaci\u00f3n este a\u00f1o de los bailarines del ballet Masters y de Maria Oviedo que demostraron una vez m\u00e1s su gran profesionalidad\u201d.<\/p>\n<p><a href=\"http:\/\/www.portaldelolleria.es\/wp-content\/uploads\/2012\/07\/xxbandas.jpg\"><img loading=\"lazy\" class=\"aligncenter size-full wp-image-1080\" title=\"xxbandas\" src=\"http:\/\/www.portaldelolleria.es\/wp-content\/uploads\/2012\/07\/xxbandas.jpg\" alt=\"\" width=\"320\" height=\"672\" \/><\/a><\/p>\n","protected":false},"excerpt":{"rendered":"<p>Despu\u00e9s del gran \u00e9xito alcanzado por la SEM Santa Cec\u00edlia el pasado fin de semana en el Festival Liberto Benet, ahora se preparan para este s\u00e1bado, d\u00eda en el que participaran en el XX Festival de Bandas de M\u00fasica Ciudad de Pe\u00f1\u00edscola. Desde la Banda tanto su presidente Manolo Cerd\u00e0 como su director Pere Molina [&hellip;]<\/p>\n","protected":false},"author":2,"featured_media":0,"comment_status":"closed","ping_status":"open","sticky":false,"template":"","format":"standard","meta":{"_monsterinsights_skip_tracking":false,"_monsterinsights_sitenote_active":false,"_monsterinsights_sitenote_note":"","_monsterinsights_sitenote_category":0},"categories":[15,12],"tags":[269,268,270,267,167],"_links":{"self":[{"href":"http:\/\/www.portaldelolleria.es\/index.php?rest_route=\/wp\/v2\/posts\/1079"}],"collection":[{"href":"http:\/\/www.portaldelolleria.es\/index.php?rest_route=\/wp\/v2\/posts"}],"about":[{"href":"http:\/\/www.portaldelolleria.es\/index.php?rest_route=\/wp\/v2\/types\/post"}],"author":[{"embeddable":true,"href":"http:\/\/www.portaldelolleria.es\/index.php?rest_route=\/wp\/v2\/users\/2"}],"replies":[{"embeddable":true,"href":"http:\/\/www.portaldelolleria.es\/index.php?rest_route=%2Fwp%2Fv2%2Fcomments&post=1079"}],"version-history":[{"count":3,"href":"http:\/\/www.portaldelolleria.es\/index.php?rest_route=\/wp\/v2\/posts\/1079\/revisions"}],"predecessor-version":[{"id":1083,"href":"http:\/\/www.portaldelolleria.es\/index.php?rest_route=\/wp\/v2\/posts\/1079\/revisions\/1083"}],"wp:attachment":[{"href":"http:\/\/www.portaldelolleria.es\/index.php?rest_route=%2Fwp%2Fv2%2Fmedia&parent=1079"}],"wp:term":[{"taxonomy":"category","embeddable":true,"href":"http:\/\/www.portaldelolleria.es\/index.php?rest_route=%2Fwp%2Fv2%2Fcategories&post=1079"},{"taxonomy":"post_tag","embeddable":true,"href":"http:\/\/www.portaldelolleria.es\/index.php?rest_route=%2Fwp%2Fv2%2Ftags&post=1079"}],"curies":[{"name":"wp","href":"https:\/\/api.w.org\/{rel}","templated":true}]}}