{"id":1104,"date":"2012-07-31T08:48:30","date_gmt":"2012-07-31T07:48:30","guid":{"rendered":"http:\/\/www.portaldelolleria.es\/?p=1104"},"modified":"2012-07-31T08:48:30","modified_gmt":"2012-07-31T07:48:30","slug":"mas-de-200-personas-en-la-clausura-del-ii-curso-de-direccion-de-la-nova","status":"publish","type":"post","link":"http:\/\/www.portaldelolleria.es\/?p=1104","title":{"rendered":"M\u00e1s de 200 personas en la clausura del II Curso de Direcci\u00f3n de La Nova"},"content":{"rendered":"<p><a href=\"http:\/\/www.portaldelolleria.es\/wp-content\/uploads\/2012\/07\/lanova-olleria.jpg\"><img loading=\"lazy\" class=\"aligncenter size-full wp-image-1105\" title=\"lanova-olleria\" src=\"http:\/\/www.portaldelolleria.es\/wp-content\/uploads\/2012\/07\/lanova-olleria.jpg\" alt=\"\" width=\"598\" height=\"398\" srcset=\"http:\/\/www.portaldelolleria.es\/wp-content\/uploads\/2012\/07\/lanova-olleria.jpg 598w, http:\/\/www.portaldelolleria.es\/wp-content\/uploads\/2012\/07\/lanova-olleria-300x199.jpg 300w\" sizes=\"(max-width: 598px) 100vw, 598px\" \/><\/a><\/p>\n<p><em>L\u2019Agrupaci\u00f3 Escola Musical \u201cLa Nova\u201d<\/em> de L\u2019Olleria clausuraba el pasado s\u00e1bado en el Teatro Goya el II Curso de Direcci\u00f3n Musical ante m\u00e1s de 200 personas entre las que estaban el alcalde, Jos\u00e9 Vidal y \u00a0el concejal de Cultura, Jes\u00fas Engo entre otros miembros de la corporaci\u00f3n y familiares de los 25 alumnos que han asistido a este Curso.<\/p>\n<p>En la clausura, se pudo disfrutar de diversas piezas musicales entre las que estuvieron <em>Sinatra in Concert<\/em> o <em>Paisajes de la Reconquista<\/em> todas interpretadas por <em>La Nova<\/em> y dirigidas por su director, Jos\u00e9 Ure\u00f1a, algunos de los alumnos del curso, elegidos por el maestro Enrique Garc\u00eda Asensio, encargado de impartir el curso y el propio maestro que dirigi\u00f3\u00a0 las dos \u00faltimas piezas de la clausura.<\/p>\n<p>Esta que estuvo presentada \u00a0por Jovi Vidal, se dividi\u00f3 en dos partes y cont\u00f3 al final de la primera con la entrega de los diplomas a los 25 alumnos que realizaron el curso por parte del alcalde, concejal de Cultura, Enrique Garc\u00eda Asensio y Javier Sanz presidente de <em>La Nova<\/em>.<\/p>\n<p>Despu\u00e9s tuvieron lugar las intervenciones en las que se pudo escuchar a uno de los alumnos quien en nombre del resto agradeci\u00f3 \u201cel trabajo del maestro Enrique Garc\u00eda Asensio durante toda esta semana as\u00ed como de <em>La Nova<\/em> y su director, Jos\u00e9 Ure\u00f1a\u00a0 a quien le queremos hacer entrega de un peque\u00f1o recuerdo en agradecimiento\u201d. Por su parte, Ure\u00f1a agradeci\u00f3 el detalle y subray\u00f3 \u201cel gran honor de tener una vez m\u00e1s al maestro Enrique Garc\u00eda Asensio con nosotros\u201d, una presencia que tambi\u00e9n agradeci\u00f3 el presidente de <em>La Nova<\/em> quien hizo entrega al maestro de un detalle por parte de la Agrupaci\u00f3n y agradeci\u00f3 igualmente \u201cel apoyo y la implicaci\u00f3n del Ayuntamiento en este curso que ha contado en esta edici\u00f3n con alumnos de muchas partes de Espa\u00f1a y ha dado el salto internacional ya que hemos contado con la presencia de alumnos de Estados Unidos , Sudam\u00e9rica y de otros pa\u00edses europeos como Ruman\u00eda\u201d.\u00a0 Igualmente quiso agradecer el trabajo de Ure\u00f1a y le hizo entrega en nombre de toda la <em>Agrupaci\u00f3 <\/em>de una batuta de cristal.<\/p>\n<p>El alcalde por su parte, destac\u00f3 \u201cel orgullo que es para el pueblo de L\u2019Olleria el contar una vez m\u00e1s con el maestro\u201d y felicit\u00f3 \u201ca <em>La Nova<\/em> por la organizaci\u00f3n un a\u00f1o m\u00e1s de este curso que con tan s\u00f3lo dos ediciones ya est\u00e1 completamente consolidado y es referencia nacional e internacional\u201d. Acabando con la entrega por parte del alcalde y el concejal de Cultura de un detalle al maestro.<\/p>\n<p>Despu\u00e9s se inici\u00f3 la segunda parte en la que el p\u00fablico pudo disfrutar de piezas como <em>Agua, Azucarillo y Aguardiente<\/em> o <em>el Abanico<\/em>, pieza esta \u00faltima interpretada por Enrique Garc\u00eda Asensio.<\/p>\n<p>Desde <em>La Nova<\/em>, su presidente ha hecho un balance muy positivo de esta segunda edici\u00f3n confirmando que habr\u00e1 una tercera en la que se seguir\u00e1 la l\u00ednea de este a\u00f1o \u201cen la que hemos acotado la participaci\u00f3n a 25 personas para que las clases sean m\u00e1s personalizadas y se pueda trabajar m\u00e1s tiempo con cada uno de los alumnos\u201d.<\/p>\n","protected":false},"excerpt":{"rendered":"<p>L\u2019Agrupaci\u00f3 Escola Musical \u201cLa Nova\u201d de L\u2019Olleria clausuraba el pasado s\u00e1bado en el Teatro Goya el II Curso de Direcci\u00f3n Musical ante m\u00e1s de 200 personas entre las que estaban el alcalde, Jos\u00e9 Vidal y \u00a0el concejal de Cultura, Jes\u00fas Engo entre otros miembros de la corporaci\u00f3n y familiares de los 25 alumnos que han [&hellip;]<\/p>\n","protected":false},"author":2,"featured_media":0,"comment_status":"closed","ping_status":"open","sticky":false,"template":"","format":"standard","meta":{"_monsterinsights_skip_tracking":false,"_monsterinsights_sitenote_active":false,"_monsterinsights_sitenote_note":"","_monsterinsights_sitenote_category":0},"categories":[16,12],"tags":[237,182,260,277,20,217],"_links":{"self":[{"href":"http:\/\/www.portaldelolleria.es\/index.php?rest_route=\/wp\/v2\/posts\/1104"}],"collection":[{"href":"http:\/\/www.portaldelolleria.es\/index.php?rest_route=\/wp\/v2\/posts"}],"about":[{"href":"http:\/\/www.portaldelolleria.es\/index.php?rest_route=\/wp\/v2\/types\/post"}],"author":[{"embeddable":true,"href":"http:\/\/www.portaldelolleria.es\/index.php?rest_route=\/wp\/v2\/users\/2"}],"replies":[{"embeddable":true,"href":"http:\/\/www.portaldelolleria.es\/index.php?rest_route=%2Fwp%2Fv2%2Fcomments&post=1104"}],"version-history":[{"count":1,"href":"http:\/\/www.portaldelolleria.es\/index.php?rest_route=\/wp\/v2\/posts\/1104\/revisions"}],"predecessor-version":[{"id":1106,"href":"http:\/\/www.portaldelolleria.es\/index.php?rest_route=\/wp\/v2\/posts\/1104\/revisions\/1106"}],"wp:attachment":[{"href":"http:\/\/www.portaldelolleria.es\/index.php?rest_route=%2Fwp%2Fv2%2Fmedia&parent=1104"}],"wp:term":[{"taxonomy":"category","embeddable":true,"href":"http:\/\/www.portaldelolleria.es\/index.php?rest_route=%2Fwp%2Fv2%2Fcategories&post=1104"},{"taxonomy":"post_tag","embeddable":true,"href":"http:\/\/www.portaldelolleria.es\/index.php?rest_route=%2Fwp%2Fv2%2Ftags&post=1104"}],"curies":[{"name":"wp","href":"https:\/\/api.w.org\/{rel}","templated":true}]}}