{"id":1122,"date":"2012-07-30T20:13:02","date_gmt":"2012-07-30T19:13:02","guid":{"rendered":"http:\/\/www.portaldelolleria.es\/?p=1122"},"modified":"2012-07-31T20:27:42","modified_gmt":"2012-07-31T19:27:42","slug":"xx-festival-homenaje-a-liberto-benet","status":"publish","type":"post","link":"http:\/\/www.portaldelolleria.es\/?p=1122","title":{"rendered":"XX Festival homenaje a Liberto Benet"},"content":{"rendered":"<p><a href=\"http:\/\/www.portaldelolleria.es\/wp-content\/uploads\/2012\/07\/nbm.jpg\"><img loading=\"lazy\" class=\"aligncenter size-full wp-image-1123\" title=\"nbm\" src=\"http:\/\/www.portaldelolleria.es\/wp-content\/uploads\/2012\/07\/nbm.jpg\" alt=\"\" width=\"598\" height=\"398\" srcset=\"http:\/\/www.portaldelolleria.es\/wp-content\/uploads\/2012\/07\/nbm.jpg 598w, http:\/\/www.portaldelolleria.es\/wp-content\/uploads\/2012\/07\/nbm-300x199.jpg 300w\" sizes=\"(max-width: 598px) 100vw, 598px\" \/><\/a><\/p>\n<p>La SEM Santa Cecilia de L\u2019Olleria, se une a los homenajes del maestro, Rafael Talens<\/p>\n<p>El domingo d\u00eda 22, en el patio del Palau Casa Santonja, la SEM Santa Cecilia de L\u2019Olleria celebr\u00f3 el festival que anualmente dedica al que fue su director e hijo adoptivo de L\u2019Olleria Liberto Benet Mart\u00ednez.<\/p>\n<p>Fue un concierto que su director Pere Molina prepar\u00f3 para homenajear al que fue, primero m\u00fasico de la SEM y posteriormente su director hasta que su enfermedad le llev\u00f3 a la muerte.<\/p>\n<p><strong>PROGRAMA<\/strong><\/p>\n<p><strong>PRIMERA PARTE<\/strong><\/p>\n<p><strong><\/strong>EL CAMINO de \u00a0Jos\u00e9 Vicente Egea.<br \/>\nLA LEYENDA DEL MARACAIBO de \u00a0Jos\u00e9 A. Pina Picazo.<br \/>\nHENRY V Arr. Johan Meij.<br \/>\nCon la gran interpretaci\u00f3n de la soprano local: Mar\u00eda Oviedo.<\/p>\n<p><strong>SEGUNDA PARTE<\/strong><\/p>\n<p><strong><\/strong>EL LAGO DE LOS CISNES Obertura de P.Tchaikowsky.<br \/>\nGran actuaci\u00f3n de la Escuela de Danza Masters de Ontinyent, (nace en 1995) ganadora de varios premios en concursos nacionales e internacionales.<br \/>\nVENTS DEL GARBI de \u00a0J. Miguel Mart\u00ednez.<\/p>\n<p>La banda estuvo a la altura, con un repertorio variado y de una calidad sonora impresionante. La \u00faltima obra Vents del Garb\u00ed, la banda pudo demostrar los grandes solistas que tienen, una obra que intervenci\u00f3n solista es muy dif\u00edcil destacando el Tromb\u00f3n, Clarinete, Saxo Soprano, Timbal, Flaut\u00edn y el gran solo de trompa que nos hizo emocionar el solista Manolo Oliva.<\/p>\n<p>El director Pere Molina quiso dedicar el pasodoble \u201cTercio de Quites\u201d del compositor Valenciano de Cullera D. Rafael Talens Pell\u00f3. Rafael Talens fue profesor de armon\u00eda, an\u00e1lisis y composici\u00f3n del maestro Pere MOLINA, y quiso adjuntarse a los numerosos homenajes que se est\u00e1n celebrando a uno de los compositores m\u00e1s importantes que ha tenido valencia.<\/p>\n<p>Finalmente y como no pod\u00eda ser de otra manera, se interpret\u00f3<br \/>\nla marcha mora \u201cRASCHIDA\u201d de Liberto Benet. Y como siempre, Banda y p\u00fablico puesto en pie aplaudi\u00f3 a este hijo adoptivo que estando de director de la SEM Santa Cecilia, dej\u00f3 huella para siempre.<\/p>\n<p>El numeroso p\u00fablico asistente qued\u00f3 satisfecho del contenido de este gran concierto, por lo que su director Pere Molina, y la SEM Santa Cecilia pueden sentirse orgullosos de ello.<\/p>\n<p>El s\u00e1bado 28\/07 la banda particip\u00f3 en el XX Festival de Bandas Ciudad de Pe\u00f1iscola a las 21 horas en el Castillo Papa Luna.<\/p>\n<p><em><strong>Pepe Aparici l&#8217;Olleria<\/strong><\/em><\/p>\n<p><a href=\"http:\/\/www.nuestrasbandasdemusica.com\/noticias\/noticias-nbm\/festivales-y-conciertos\/1601-xx-festival-homenaje-a-liberto-benet.html\" target=\"_blank\">www.nuestrasbandasdemusica.com<\/a><\/p>\n","protected":false},"excerpt":{"rendered":"<p>La SEM Santa Cecilia de L\u2019Olleria, se une a los homenajes del maestro, Rafael Talens El domingo d\u00eda 22, en el patio del Palau Casa Santonja, la SEM Santa Cecilia de L\u2019Olleria celebr\u00f3 el festival que anualmente dedica al que fue su director e hijo adoptivo de L\u2019Olleria Liberto Benet Mart\u00ednez. Fue un concierto que [&hellip;]<\/p>\n","protected":false},"author":2,"featured_media":0,"comment_status":"closed","ping_status":"open","sticky":false,"template":"","format":"standard","meta":{"_monsterinsights_skip_tracking":false,"_monsterinsights_sitenote_active":false,"_monsterinsights_sitenote_note":"","_monsterinsights_sitenote_category":0},"categories":[16,12],"tags":[268,253,167,279],"_links":{"self":[{"href":"http:\/\/www.portaldelolleria.es\/index.php?rest_route=\/wp\/v2\/posts\/1122"}],"collection":[{"href":"http:\/\/www.portaldelolleria.es\/index.php?rest_route=\/wp\/v2\/posts"}],"about":[{"href":"http:\/\/www.portaldelolleria.es\/index.php?rest_route=\/wp\/v2\/types\/post"}],"author":[{"embeddable":true,"href":"http:\/\/www.portaldelolleria.es\/index.php?rest_route=\/wp\/v2\/users\/2"}],"replies":[{"embeddable":true,"href":"http:\/\/www.portaldelolleria.es\/index.php?rest_route=%2Fwp%2Fv2%2Fcomments&post=1122"}],"version-history":[{"count":1,"href":"http:\/\/www.portaldelolleria.es\/index.php?rest_route=\/wp\/v2\/posts\/1122\/revisions"}],"predecessor-version":[{"id":1124,"href":"http:\/\/www.portaldelolleria.es\/index.php?rest_route=\/wp\/v2\/posts\/1122\/revisions\/1124"}],"wp:attachment":[{"href":"http:\/\/www.portaldelolleria.es\/index.php?rest_route=%2Fwp%2Fv2%2Fmedia&parent=1122"}],"wp:term":[{"taxonomy":"category","embeddable":true,"href":"http:\/\/www.portaldelolleria.es\/index.php?rest_route=%2Fwp%2Fv2%2Fcategories&post=1122"},{"taxonomy":"post_tag","embeddable":true,"href":"http:\/\/www.portaldelolleria.es\/index.php?rest_route=%2Fwp%2Fv2%2Ftags&post=1122"}],"curies":[{"name":"wp","href":"https:\/\/api.w.org\/{rel}","templated":true}]}}