{"id":11566,"date":"2015-12-29T11:47:35","date_gmt":"2015-12-29T09:47:35","guid":{"rendered":"http:\/\/www.portaldelolleria.es\/?p=11566"},"modified":"2015-12-29T11:48:48","modified_gmt":"2015-12-29T09:48:48","slug":"inicio-del-taller-de-ocupacion-lolleria-sostenible","status":"publish","type":"post","link":"http:\/\/www.portaldelolleria.es\/?p=11566","title":{"rendered":"Inicio del taller de ocupaci\u00f3n l&#8217;Olleria sostenible"},"content":{"rendered":"<p><a href=\"http:\/\/www.portaldelolleria.es\/wp-content\/uploads\/2015\/12\/ocupacion.jpg\"><img loading=\"lazy\" class=\"aligncenter size-full wp-image-11567\" title=\"ocupacion\" src=\"http:\/\/www.portaldelolleria.es\/wp-content\/uploads\/2015\/12\/ocupacion.jpg\" alt=\"\" width=\"598\" height=\"397\" srcset=\"http:\/\/www.portaldelolleria.es\/wp-content\/uploads\/2015\/12\/ocupacion.jpg 598w, http:\/\/www.portaldelolleria.es\/wp-content\/uploads\/2015\/12\/ocupacion-300x199.jpg 300w\" sizes=\"(max-width: 598px) 100vw, 598px\" \/><\/a><\/p>\n<pre><span style=\"color: #808080;\">ajuntament de l'Olleria 29\/12\/2015<\/span><\/pre>\n<p>INICIO DEL TALLER DE EMPLEO El OLLERIA SOSTENIBLE.<\/p>\n<p>Ayer se inici\u00f3 el Taller de Empleo Oller\u00eda Sostenible, al acto asistieron Vicente Albinyana, Concejal de Promoci\u00f3n Econ\u00f3mica y Juli\u00e1n Engo, Alcalde de l&#8217;Olleria. Este taller se compone de dos especialidades, la primera Mantenimiento de interior de edificios y la segunda Infraestructura de Jardines. Hay un total de 8 alumnos en cada especialidad. El curso dura 6 meses (28-12-15 al 27-06-16), durante los cuales, los alumnos cobran el salario m\u00ednimo interprofesional mientras se forman en la especialidad.<br \/>\nPara el desarrollo del taller se ha contratado a una directora a tiempo completo, una administrativa a 24h de jornada semanal, un monitor de mantenimiento de edificios, un monitor de jardiner\u00eda y un profesor de compensatoria a media jornada. Asimismo se ha equipado completamente un aula del centro social con 8 ordenadores nuevos y mobiliario nuevo para los alumnos del taller.<br \/>\nEste taller cuenta con una subvenci\u00f3n de \u20ac 146.619,04 concedida por la Direcci\u00f3n General de Empleo y Formaci\u00f3n, para hacer frente a los gastos de los alumnos trabajadores y equipo docente.<br \/>\nLos alumnos del taller actuar\u00e1n en la mejora y mantenimiento de edificios del ayuntamiento y en el mantenimiento de parques y jardines.<\/p>\n","protected":false},"excerpt":{"rendered":"<p>ajuntament de l&#8217;Olleria 29\/12\/2015 INICIO DEL TALLER DE EMPLEO El OLLERIA SOSTENIBLE. Ayer se inici\u00f3 el Taller de Empleo Oller\u00eda Sostenible, al acto asistieron Vicente Albinyana, Concejal de Promoci\u00f3n Econ\u00f3mica y Juli\u00e1n Engo, Alcalde de l&#8217;Olleria. Este taller se compone de dos especialidades, la primera Mantenimiento de interior de edificios y la segunda Infraestructura de [&hellip;]<\/p>\n","protected":false},"author":1,"featured_media":0,"comment_status":"closed","ping_status":"open","sticky":false,"template":"","format":"standard","meta":{"_monsterinsights_skip_tracking":false,"_monsterinsights_sitenote_active":false,"_monsterinsights_sitenote_note":"","_monsterinsights_sitenote_category":0},"categories":[11,12],"tags":[],"_links":{"self":[{"href":"http:\/\/www.portaldelolleria.es\/index.php?rest_route=\/wp\/v2\/posts\/11566"}],"collection":[{"href":"http:\/\/www.portaldelolleria.es\/index.php?rest_route=\/wp\/v2\/posts"}],"about":[{"href":"http:\/\/www.portaldelolleria.es\/index.php?rest_route=\/wp\/v2\/types\/post"}],"author":[{"embeddable":true,"href":"http:\/\/www.portaldelolleria.es\/index.php?rest_route=\/wp\/v2\/users\/1"}],"replies":[{"embeddable":true,"href":"http:\/\/www.portaldelolleria.es\/index.php?rest_route=%2Fwp%2Fv2%2Fcomments&post=11566"}],"version-history":[{"count":2,"href":"http:\/\/www.portaldelolleria.es\/index.php?rest_route=\/wp\/v2\/posts\/11566\/revisions"}],"predecessor-version":[{"id":11569,"href":"http:\/\/www.portaldelolleria.es\/index.php?rest_route=\/wp\/v2\/posts\/11566\/revisions\/11569"}],"wp:attachment":[{"href":"http:\/\/www.portaldelolleria.es\/index.php?rest_route=%2Fwp%2Fv2%2Fmedia&parent=11566"}],"wp:term":[{"taxonomy":"category","embeddable":true,"href":"http:\/\/www.portaldelolleria.es\/index.php?rest_route=%2Fwp%2Fv2%2Fcategories&post=11566"},{"taxonomy":"post_tag","embeddable":true,"href":"http:\/\/www.portaldelolleria.es\/index.php?rest_route=%2Fwp%2Fv2%2Ftags&post=11566"}],"curies":[{"name":"wp","href":"https:\/\/api.w.org\/{rel}","templated":true}]}}