{"id":11761,"date":"2016-01-19T13:38:21","date_gmt":"2016-01-19T11:38:21","guid":{"rendered":"http:\/\/www.portaldelolleria.es\/?p=11761"},"modified":"2016-01-19T13:40:10","modified_gmt":"2016-01-19T11:40:10","slug":"presentacion-del-aula-de-informatica","status":"publish","type":"post","link":"http:\/\/www.portaldelolleria.es\/?p=11761","title":{"rendered":"Presentaci\u00f3n del Aula de Inform\u00e1tica."},"content":{"rendered":"<p><a href=\"http:\/\/www.portaldelolleria.es\/wp-content\/uploads\/2016\/01\/aulainformatica.jpg\"><img loading=\"lazy\" class=\"aligncenter size-full wp-image-11762\" title=\"aulainformatica\" src=\"http:\/\/www.portaldelolleria.es\/wp-content\/uploads\/2016\/01\/aulainformatica.jpg\" alt=\"\" width=\"598\" height=\"398\" srcset=\"http:\/\/www.portaldelolleria.es\/wp-content\/uploads\/2016\/01\/aulainformatica.jpg 598w, http:\/\/www.portaldelolleria.es\/wp-content\/uploads\/2016\/01\/aulainformatica-300x199.jpg 300w\" sizes=\"(max-width: 598px) 100vw, 598px\" \/><\/a><\/p>\n<p><span style=\"color: #888888;\">Ajuntament de L\u2019Olleria, 19 de gener de 2016<\/span><\/p>\n<p>PRESENTACI\u00d3N DEL AULA DE INFORM\u00c1TICA<\/p>\n<p style=\"text-align: justify;\">El Espacio Ideo cuenta con una nueva Aula de Inform\u00e1tica. Esta aula, que est\u00e1 equipada con 8 ordenadores nuevos, y que actualmente se utiliza por las ma\u00f1anas para el Taller de Ocupaci\u00f3n l&#8217;Olleria Sostenible, est\u00e1 previsto que ampl\u00ede sus competencias muy pronto. Esta nueva instalaci\u00f3n ser\u00e1 de gran utilidad para completar las actividades del Espacio Ideo, ya que ofrece un espacio equipado para que las empresas que quieran realizar una formaci\u00f3n continuada a sus trabajadores puedan disfrutar de un espacio en condiciones a un precio muy asequible, y el mismo para los emprendedores. Ayer,se inici\u00f3 un curso de al\u00e9rgenos, que fue demandado por la Asociaci\u00f3n de Comerciantes y Hosteleros, y que ha sido adaptado a sus necesidades, como por ejemplo la creaci\u00f3n de cartas y paneles adaptados. El curso ten\u00eda un precio de 50\u20ac, y los 15 primeros al apuntarse contaban con un descuento de 10\u20ac. Vicent Albinyana, Concejal de Ocupaci\u00f3n y Promoci\u00f3n Econ\u00f3mica, ha querido invitar a las empresas interesadas al realizar cursos en este espacio a un precio muy reducido, y ha a\u00f1adido que \u201cesta Aula sirve para facilitar la parte pr\u00e1ctica de los cursos que se realizan a lo Ideo y que, hasta el momento, no dispon\u00edan de un espacio con estas caracter\u00edsticas\u201d. Finalmente el Concejal ha explicado que se ha lanzado una encuesta sobre diferentes posibilidades de cursos de inform\u00e1tica, para que la gente elija la que m\u00e1s le interese, y de este modo, poder ofrecer desde el Ayuntamiento el curso que m\u00e1s se adapte a las demandas de la gente del pueblo\u201d.<\/p>\n","protected":false},"excerpt":{"rendered":"<p>Ajuntament de L\u2019Olleria, 19 de gener de 2016 PRESENTACI\u00d3N DEL AULA DE INFORM\u00c1TICA El Espacio Ideo cuenta con una nueva Aula de Inform\u00e1tica. Esta aula, que est\u00e1 equipada con 8 ordenadores nuevos, y que actualmente se utiliza por las ma\u00f1anas para el Taller de Ocupaci\u00f3n l&#8217;Olleria Sostenible, est\u00e1 previsto que ampl\u00ede sus competencias muy pronto. [&hellip;]<\/p>\n","protected":false},"author":1,"featured_media":0,"comment_status":"closed","ping_status":"open","sticky":false,"template":"","format":"standard","meta":{"_monsterinsights_skip_tracking":false,"_monsterinsights_sitenote_active":false,"_monsterinsights_sitenote_note":"","_monsterinsights_sitenote_category":0},"categories":[11,12],"tags":[],"_links":{"self":[{"href":"http:\/\/www.portaldelolleria.es\/index.php?rest_route=\/wp\/v2\/posts\/11761"}],"collection":[{"href":"http:\/\/www.portaldelolleria.es\/index.php?rest_route=\/wp\/v2\/posts"}],"about":[{"href":"http:\/\/www.portaldelolleria.es\/index.php?rest_route=\/wp\/v2\/types\/post"}],"author":[{"embeddable":true,"href":"http:\/\/www.portaldelolleria.es\/index.php?rest_route=\/wp\/v2\/users\/1"}],"replies":[{"embeddable":true,"href":"http:\/\/www.portaldelolleria.es\/index.php?rest_route=%2Fwp%2Fv2%2Fcomments&post=11761"}],"version-history":[{"count":2,"href":"http:\/\/www.portaldelolleria.es\/index.php?rest_route=\/wp\/v2\/posts\/11761\/revisions"}],"predecessor-version":[{"id":11764,"href":"http:\/\/www.portaldelolleria.es\/index.php?rest_route=\/wp\/v2\/posts\/11761\/revisions\/11764"}],"wp:attachment":[{"href":"http:\/\/www.portaldelolleria.es\/index.php?rest_route=%2Fwp%2Fv2%2Fmedia&parent=11761"}],"wp:term":[{"taxonomy":"category","embeddable":true,"href":"http:\/\/www.portaldelolleria.es\/index.php?rest_route=%2Fwp%2Fv2%2Fcategories&post=11761"},{"taxonomy":"post_tag","embeddable":true,"href":"http:\/\/www.portaldelolleria.es\/index.php?rest_route=%2Fwp%2Fv2%2Ftags&post=11761"}],"curies":[{"name":"wp","href":"https:\/\/api.w.org\/{rel}","templated":true}]}}