{"id":1192,"date":"2012-08-17T18:04:58","date_gmt":"2012-08-17T17:04:58","guid":{"rendered":"http:\/\/www.portaldelolleria.es\/?p=1192"},"modified":"2012-08-17T18:04:58","modified_gmt":"2012-08-17T17:04:58","slug":"fiesta-de-honor-a-la-reina-2012-andrea-molla-alamo","status":"publish","type":"post","link":"http:\/\/www.portaldelolleria.es\/?p=1192","title":{"rendered":"Fiesta de honor a la Reina 2012 Andrea Moll\u00e1 \u00c1lamo"},"content":{"rendered":"<p><a href=\"http:\/\/www.portaldelolleria.es\/wp-content\/uploads\/2012\/08\/reina-olleria.jpg\"><img loading=\"lazy\" class=\"aligncenter size-full wp-image-1194\" title=\"reina-olleria\" src=\"http:\/\/www.portaldelolleria.es\/wp-content\/uploads\/2012\/08\/reina-olleria.jpg\" alt=\"\" width=\"598\" height=\"398\" srcset=\"http:\/\/www.portaldelolleria.es\/wp-content\/uploads\/2012\/08\/reina-olleria.jpg 598w, http:\/\/www.portaldelolleria.es\/wp-content\/uploads\/2012\/08\/reina-olleria-300x199.jpg 300w\" sizes=\"(max-width: 598px) 100vw, 598px\" \/><\/a><\/p>\n<p>El 24 de agosto se celebrar\u00e1 a partir de la 1 de la madrugada en la calle de los pubs (Ausias March) una fiesta en honor de Andrea Moll\u00e1 \u00c1lamo,\u00a0 Reina de Fiestas de l&#8217;Olleria 2012.\u00a0 El evento organizado por \u00abUna Oltra Cosa\u00bb y \u00abGarage\u00bb y con la colaboraci\u00f3n del Ayuntamiento, \u00a0 contar\u00e1 con la participaci\u00f3n de\u00a0\u00a0\u00a0 Xaranga ATMK BAND(AT\u00d3MICA) y Discom\u00f2bil Dj\u2019s: Jose \u201cStudio Records\u201d\u00a0 .\u00a0 La entrada ser\u00e1 gratuita.<\/p>\n<p>&nbsp;<\/p>\n<p><a href=\"http:\/\/www.portaldelolleria.es\/wp-content\/uploads\/2012\/08\/reina2-olleria.jpg\"><img loading=\"lazy\" class=\"aligncenter size-full wp-image-1193\" title=\"reina2-olleria\" src=\"http:\/\/www.portaldelolleria.es\/wp-content\/uploads\/2012\/08\/reina2-olleria.jpg\" alt=\"\" width=\"598\" height=\"866\" srcset=\"http:\/\/www.portaldelolleria.es\/wp-content\/uploads\/2012\/08\/reina2-olleria.jpg 598w, http:\/\/www.portaldelolleria.es\/wp-content\/uploads\/2012\/08\/reina2-olleria-207x300.jpg 207w\" sizes=\"(max-width: 598px) 100vw, 598px\" \/><\/a><\/p>\n<p>&nbsp;<\/p>\n<p>&nbsp;<\/p>\n","protected":false},"excerpt":{"rendered":"<p>El 24 de agosto se celebrar\u00e1 a partir de la 1 de la madrugada en la calle de los pubs (Ausias March) una fiesta en honor de Andrea Moll\u00e1 \u00c1lamo,\u00a0 Reina de Fiestas de l&#8217;Olleria 2012.\u00a0 El evento organizado por \u00abUna Oltra Cosa\u00bb y \u00abGarage\u00bb y con la colaboraci\u00f3n del Ayuntamiento, \u00a0 contar\u00e1 con la [&hellip;]<\/p>\n","protected":false},"author":2,"featured_media":0,"comment_status":"closed","ping_status":"open","sticky":false,"template":"","format":"standard","meta":{"_monsterinsights_skip_tracking":false,"_monsterinsights_sitenote_active":false,"_monsterinsights_sitenote_note":"","_monsterinsights_sitenote_category":0},"categories":[17,12],"tags":[69,303,304,305],"_links":{"self":[{"href":"http:\/\/www.portaldelolleria.es\/index.php?rest_route=\/wp\/v2\/posts\/1192"}],"collection":[{"href":"http:\/\/www.portaldelolleria.es\/index.php?rest_route=\/wp\/v2\/posts"}],"about":[{"href":"http:\/\/www.portaldelolleria.es\/index.php?rest_route=\/wp\/v2\/types\/post"}],"author":[{"embeddable":true,"href":"http:\/\/www.portaldelolleria.es\/index.php?rest_route=\/wp\/v2\/users\/2"}],"replies":[{"embeddable":true,"href":"http:\/\/www.portaldelolleria.es\/index.php?rest_route=%2Fwp%2Fv2%2Fcomments&post=1192"}],"version-history":[{"count":1,"href":"http:\/\/www.portaldelolleria.es\/index.php?rest_route=\/wp\/v2\/posts\/1192\/revisions"}],"predecessor-version":[{"id":1195,"href":"http:\/\/www.portaldelolleria.es\/index.php?rest_route=\/wp\/v2\/posts\/1192\/revisions\/1195"}],"wp:attachment":[{"href":"http:\/\/www.portaldelolleria.es\/index.php?rest_route=%2Fwp%2Fv2%2Fmedia&parent=1192"}],"wp:term":[{"taxonomy":"category","embeddable":true,"href":"http:\/\/www.portaldelolleria.es\/index.php?rest_route=%2Fwp%2Fv2%2Fcategories&post=1192"},{"taxonomy":"post_tag","embeddable":true,"href":"http:\/\/www.portaldelolleria.es\/index.php?rest_route=%2Fwp%2Fv2%2Ftags&post=1192"}],"curies":[{"name":"wp","href":"https:\/\/api.w.org\/{rel}","templated":true}]}}