{"id":1208,"date":"2012-08-28T11:53:36","date_gmt":"2012-08-28T10:53:36","guid":{"rendered":"http:\/\/www.portaldelolleria.es\/?p=1208"},"modified":"2012-09-01T11:57:36","modified_gmt":"2012-09-01T10:57:36","slug":"la-casa-santonja-acoge-la-cena-de-cargos-festeros-de-l%e2%80%99olleria","status":"publish","type":"post","link":"http:\/\/www.portaldelolleria.es\/?p=1208","title":{"rendered":"La Casa Santonja acoge la Cena de Cargos Festeros de L\u2019Olleria"},"content":{"rendered":"<p><strong>La Casa Santonja acoge la Cena de Cargos Festeros de L\u2019Olleria<\/strong><\/p>\n<p><strong>\u00a0<a href=\"http:\/\/www.portaldelolleria.es\/wp-content\/uploads\/2012\/09\/cena-olleria.jpg\"><img loading=\"lazy\" class=\"aligncenter size-full wp-image-1209\" title=\"cena-olleria\" src=\"http:\/\/www.portaldelolleria.es\/wp-content\/uploads\/2012\/09\/cena-olleria.jpg\" alt=\"\" width=\"598\" height=\"398\" srcset=\"http:\/\/www.portaldelolleria.es\/wp-content\/uploads\/2012\/09\/cena-olleria.jpg 598w, http:\/\/www.portaldelolleria.es\/wp-content\/uploads\/2012\/09\/cena-olleria-300x199.jpg 300w\" sizes=\"(max-width: 598px) 100vw, 598px\" \/><\/a><\/strong><\/p>\n<p>&nbsp;<\/p>\n<p>La Casa Santonja acog\u00eda en la noche del lunes la tradicional Cena de Cargos, acto que se engloba dentro de la programaci\u00f3n de las Fiestas Patronales y de Moros y Cristianos de L\u2019Olleria.<\/p>\n<p>Casi 200 personas pudieron disfrutar de una velada en la que no faltaron la Reina de 2012, sus Cortes de Honor, Festeros, Capitanes y Embajadores, Mantenedora, Junta Central de Fiestas de Moros y Cristianos, Publicador,\u00a0 Corporaci\u00f3n Municipal con el Alcalde, Jos\u00e9 Vidal a la cabeza, Cura-P\u00e1rroco del municipio, \u00a0familiares y amigos.<\/p>\n<p>Tras la cena tuvo lugar la tradicional entrega de detalles por parte de la Reina, Festeros, Capitanes, Embajadores y Mantenedora finalizando la velada con m\u00fasica.<\/p>\n<p>Las actividades contin\u00faan hoy a las once de la noche con <em>bous al carrer <\/em>en la Revolteta<em>.<\/em><\/p>\n<p>Ya ma\u00f1ana mi\u00e9rcoles, de nuevo a \u00a0las once de la noche en la Revolteta habr\u00e1n <em>bous al carrer<\/em> y a las doce las calles se llenaran con las tradicionales <em>entradetes de filaes<\/em>.<\/p>\n","protected":false},"excerpt":{"rendered":"<p>La Casa Santonja acoge la Cena de Cargos Festeros de L\u2019Olleria \u00a0 &nbsp; La Casa Santonja acog\u00eda en la noche del lunes la tradicional Cena de Cargos, acto que se engloba dentro de la programaci\u00f3n de las Fiestas Patronales y de Moros y Cristianos de L\u2019Olleria. Casi 200 personas pudieron disfrutar de una velada en [&hellip;]<\/p>\n","protected":false},"author":2,"featured_media":0,"comment_status":"closed","ping_status":"open","sticky":false,"template":"","format":"standard","meta":{"_monsterinsights_skip_tracking":false,"_monsterinsights_sitenote_active":false,"_monsterinsights_sitenote_note":"","_monsterinsights_sitenote_category":0},"categories":[17,12],"tags":[312,313,248,33],"_links":{"self":[{"href":"http:\/\/www.portaldelolleria.es\/index.php?rest_route=\/wp\/v2\/posts\/1208"}],"collection":[{"href":"http:\/\/www.portaldelolleria.es\/index.php?rest_route=\/wp\/v2\/posts"}],"about":[{"href":"http:\/\/www.portaldelolleria.es\/index.php?rest_route=\/wp\/v2\/types\/post"}],"author":[{"embeddable":true,"href":"http:\/\/www.portaldelolleria.es\/index.php?rest_route=\/wp\/v2\/users\/2"}],"replies":[{"embeddable":true,"href":"http:\/\/www.portaldelolleria.es\/index.php?rest_route=%2Fwp%2Fv2%2Fcomments&post=1208"}],"version-history":[{"count":2,"href":"http:\/\/www.portaldelolleria.es\/index.php?rest_route=\/wp\/v2\/posts\/1208\/revisions"}],"predecessor-version":[{"id":1211,"href":"http:\/\/www.portaldelolleria.es\/index.php?rest_route=\/wp\/v2\/posts\/1208\/revisions\/1211"}],"wp:attachment":[{"href":"http:\/\/www.portaldelolleria.es\/index.php?rest_route=%2Fwp%2Fv2%2Fmedia&parent=1208"}],"wp:term":[{"taxonomy":"category","embeddable":true,"href":"http:\/\/www.portaldelolleria.es\/index.php?rest_route=%2Fwp%2Fv2%2Fcategories&post=1208"},{"taxonomy":"post_tag","embeddable":true,"href":"http:\/\/www.portaldelolleria.es\/index.php?rest_route=%2Fwp%2Fv2%2Ftags&post=1208"}],"curies":[{"name":"wp","href":"https:\/\/api.w.org\/{rel}","templated":true}]}}