{"id":1212,"date":"2012-08-30T12:00:37","date_gmt":"2012-08-30T11:00:37","guid":{"rendered":"http:\/\/www.portaldelolleria.es\/?p=1212"},"modified":"2012-09-01T12:09:31","modified_gmt":"2012-09-01T11:09:31","slug":"l%e2%80%99olleria-se-vuelca-con-la-presentacion-de-las-emd-de-futbol-y-l%e2%80%99olleria-c-f","status":"publish","type":"post","link":"http:\/\/www.portaldelolleria.es\/?p=1212","title":{"rendered":"L\u2019Olleria se vuelca con la presentaci\u00f3n de las EMD de futbol y L\u2019Olleria C.F"},"content":{"rendered":"<p>Como es tradici\u00f3n en su Semana de Fiestas L\u2019Olleria presentaba a las Escuelas Deportivas Municipales de Futbol y a la plantilla de L\u2019Olleria C. F. La presentaci\u00f3n tuvo lugar este mi\u00e9rcoles teniendo como escenario el campo de c\u00e9sped artificial del Polideportivo. Un acontecimiento que reuni\u00f3 a cientos de ollerienses y que cont\u00f3 con la presencia del alcalde, Jos\u00e9 Vidal, el concejal de Deportes, Vicente Oviedo as\u00ed como con la Reina de Fiestas de 2012, Andrea Moll\u00e0 y sus Cortes de Honor, infantil y mayor.<\/p>\n<p><a href=\"http:\/\/www.portaldelolleria.es\/wp-content\/uploads\/2012\/09\/futbol-presentacion.jpg\"><img loading=\"lazy\" class=\"aligncenter size-full wp-image-1215\" title=\"futbol presentacion\" src=\"http:\/\/www.portaldelolleria.es\/wp-content\/uploads\/2012\/09\/futbol-presentacion.jpg\" alt=\"\" width=\"598\" height=\"398\" srcset=\"http:\/\/www.portaldelolleria.es\/wp-content\/uploads\/2012\/09\/futbol-presentacion.jpg 598w, http:\/\/www.portaldelolleria.es\/wp-content\/uploads\/2012\/09\/futbol-presentacion-300x199.jpg 300w\" sizes=\"(max-width: 598px) 100vw, 598px\" \/><\/a><\/p>\n<p>El acto se iniciaba con la entrada de las festeras al campo portando los colores del equipaje de las Escuelas y de L\u2019Olleria C.F junto a los m\u00e1s peque\u00f1os de las escuelas deportivas, los querubines, que portaban la bandera de L\u2019Olleria C.F. Seguidamente hicieron acto de \u00a0presencia los jugadores de las diferentes categor\u00edas prebenjamines, benjamines\u00a0\u00a0 (B, A), alevines (B, A), infantiles, cadetes, femenino y juvenil.<\/p>\n<p>Despu\u00e9s llegar\u00eda el turno del primer equipo, los jugadores de L\u2019Olleria C.F. que fueron aplaudidos efusivamente por los familiares y aficionados que no quisieron perderse la presentaci\u00f3n en un a\u00f1o especial para el equipo tal y como subrayaron el Presidente del Club Joaqu\u00edn \u00dabeda y el Entrenador Toni S\u00e1nchez quienes aseguraron que el Club continuar\u00e1 \u201ctrabajando duro y con mucha ilusi\u00f3n esta temporada en la que hemos ascendido a primera regional\u201d.<\/p>\n<p>Cerrando el desfile la Reina junto al alcalde, concejal de Deportes y Presidente del Club que situ\u00e1ndose en el centro del campo daban inicio a los parlamentos. El coordinador de las Escuelas Deportivas de Futbol, Paco Mic\u00f3 fue el primero en intervenir destacando la ilusi\u00f3n y el esfuerzo de \u201ctodos los alumnos de las Escuelas Deportivas de Futbol de L\u2019Olleria\u201d mientras que Joaqu\u00edn \u00dabeda daba las gracias a los patrocinadores del Equipo as\u00ed como al Ayuntamiento y a la afici\u00f3n a la que pidi\u00f3 apoyo \u201cen esta nueva temporada que iniciamos con ilusi\u00f3n y responsabilidad ya que jugamos en una categor\u00eda superior\u201d.<\/p>\n<p>Por su parte, Toni S\u00e1nchez tuvo palabras de apoyo para sus jugadores destacando que \u201cpr\u00e1cticamente todos son de L\u2019Olleria\u201d as\u00ed como \u201cla importancia de las Escuelas Deportivas en la formaci\u00f3n de nuevos jugadores\u201d tambi\u00e9n el alcalde, que cerr\u00f3 las intervenciones subray\u00f3 el car\u00e1cter formativo de las Escuelas Deportivas y agradeci\u00f3 \u201cel inter\u00e9s y esfuerzo que realizan los padres a lo largo de toda la temporada apoyando y acompa\u00f1ando a sus hijos a los partidos\u201d igualmente felicit\u00f3 al primer equipo, a L\u2019Olleria C.F por su ascenso y anim\u00f3 \u201ca todos los ollerienses a apoyarlos en todos y cada uno de los partidos que disputaran en esta nueva temporada y en la que estoy seguro continuaran d\u00e1ndolo todo y haciendo gala de su deportividad\u201d.<\/p>\n<p><a href=\"http:\/\/www.portaldelolleria.es\/wp-content\/uploads\/2012\/09\/futbol-olleria.jpg\"><img loading=\"lazy\" class=\"aligncenter size-full wp-image-1214\" title=\"futbol-olleria\" src=\"http:\/\/www.portaldelolleria.es\/wp-content\/uploads\/2012\/09\/futbol-olleria.jpg\" alt=\"\" width=\"598\" height=\"239\" srcset=\"http:\/\/www.portaldelolleria.es\/wp-content\/uploads\/2012\/09\/futbol-olleria.jpg 598w, http:\/\/www.portaldelolleria.es\/wp-content\/uploads\/2012\/09\/futbol-olleria-300x119.jpg 300w\" sizes=\"(max-width: 598px) 100vw, 598px\" \/><\/a><\/p>\n<p>Por \u00faltimo, los jugadores del primer equipo entregaron un detalle a las festeras mayores e infantiles as\u00ed como un ramo de flores a la Reina.<\/p>\n","protected":false},"excerpt":{"rendered":"<p>Como es tradici\u00f3n en su Semana de Fiestas L\u2019Olleria presentaba a las Escuelas Deportivas Municipales de Futbol y a la plantilla de L\u2019Olleria C. F. La presentaci\u00f3n tuvo lugar este mi\u00e9rcoles teniendo como escenario el campo de c\u00e9sped artificial del Polideportivo. Un acontecimiento que reuni\u00f3 a cientos de ollerienses y que cont\u00f3 con la presencia [&hellip;]<\/p>\n","protected":false},"author":2,"featured_media":0,"comment_status":"closed","ping_status":"open","sticky":false,"template":"","format":"standard","meta":{"_monsterinsights_skip_tracking":false,"_monsterinsights_sitenote_active":false,"_monsterinsights_sitenote_note":"","_monsterinsights_sitenote_category":0},"categories":[9,12],"tags":[314,31,315,42],"_links":{"self":[{"href":"http:\/\/www.portaldelolleria.es\/index.php?rest_route=\/wp\/v2\/posts\/1212"}],"collection":[{"href":"http:\/\/www.portaldelolleria.es\/index.php?rest_route=\/wp\/v2\/posts"}],"about":[{"href":"http:\/\/www.portaldelolleria.es\/index.php?rest_route=\/wp\/v2\/types\/post"}],"author":[{"embeddable":true,"href":"http:\/\/www.portaldelolleria.es\/index.php?rest_route=\/wp\/v2\/users\/2"}],"replies":[{"embeddable":true,"href":"http:\/\/www.portaldelolleria.es\/index.php?rest_route=%2Fwp%2Fv2%2Fcomments&post=1212"}],"version-history":[{"count":1,"href":"http:\/\/www.portaldelolleria.es\/index.php?rest_route=\/wp\/v2\/posts\/1212\/revisions"}],"predecessor-version":[{"id":1216,"href":"http:\/\/www.portaldelolleria.es\/index.php?rest_route=\/wp\/v2\/posts\/1212\/revisions\/1216"}],"wp:attachment":[{"href":"http:\/\/www.portaldelolleria.es\/index.php?rest_route=%2Fwp%2Fv2%2Fmedia&parent=1212"}],"wp:term":[{"taxonomy":"category","embeddable":true,"href":"http:\/\/www.portaldelolleria.es\/index.php?rest_route=%2Fwp%2Fv2%2Fcategories&post=1212"},{"taxonomy":"post_tag","embeddable":true,"href":"http:\/\/www.portaldelolleria.es\/index.php?rest_route=%2Fwp%2Fv2%2Ftags&post=1212"}],"curies":[{"name":"wp","href":"https:\/\/api.w.org\/{rel}","templated":true}]}}