{"id":12262,"date":"2016-02-22T19:15:02","date_gmt":"2016-02-22T17:15:02","guid":{"rendered":"http:\/\/www.portaldelolleria.es\/?p=12262"},"modified":"2016-02-22T19:17:28","modified_gmt":"2016-02-22T17:17:28","slug":"espai-ideo-jornada-formativa","status":"publish","type":"post","link":"http:\/\/www.portaldelolleria.es\/?p=12262","title":{"rendered":"Espai-Ideo: Jornada Formativa"},"content":{"rendered":"<p><a href=\"http:\/\/www.portaldelolleria.es\/wp-content\/uploads\/2016\/02\/facebook.jpg\"><img loading=\"lazy\" class=\"aligncenter size-full wp-image-12264\" title=\"facebook\" src=\"http:\/\/www.portaldelolleria.es\/wp-content\/uploads\/2016\/02\/facebook.jpg\" alt=\"\" width=\"598\" height=\"398\" srcset=\"http:\/\/www.portaldelolleria.es\/wp-content\/uploads\/2016\/02\/facebook.jpg 598w, http:\/\/www.portaldelolleria.es\/wp-content\/uploads\/2016\/02\/facebook-300x199.jpg 300w\" sizes=\"(max-width: 598px) 100vw, 598px\" \/><\/a><\/p>\n<p>JORNADA FORMATIVA GRATU\u00cfTA<\/p>\n<p>El divendres 26 de FEBRER, de 10:30 h. fins les 12:00 h. en l\u2019Espai Ideo-Start UPV (C\/ S.S. Juan XXIII, n\u00ba25 baix), es celebrar\u00e0 una jornada formativa gratu\u00efta \u00abTREBALLA AMB FACEBOOK LA TEUA MARCA PERSONAL.<\/p>\n<div>\n<p>Link per a inscripcions:<\/p>\n<p>\u00b7 <a href=\"https:\/\/www.eventbrite.com\/e\/facebook-marca-personal-herramientas-20-tickets-21773062817\" rel=\"nofollow\" target=\"_blank\">https:\/\/www.eventbrite.com\/e\/facebook-marca-personal-herram\u2026<\/a><\/p>\n<p>Per a m\u00e9s informaci\u00f3, preguntar en les seg\u00fcents correus Electr\u00f2nics:<\/p>\n<p>\u00b7 info@miguelsilvestre.es<br \/>\n\u00b7 lavallformacion@gmail.com<br \/>\n\u00b7 info@pgmorell.com<\/p>\n<p>&nbsp;<\/p>\n<p><a href=\"http:\/\/www.portaldelolleria.es\/wp-content\/uploads\/2016\/02\/12742121_1045126938882194_2394544806750393643_n.jpg\"><img loading=\"lazy\" class=\"aligncenter size-full wp-image-12263\" title=\"12742121_1045126938882194_2394544806750393643_n\" src=\"http:\/\/www.portaldelolleria.es\/wp-content\/uploads\/2016\/02\/12742121_1045126938882194_2394544806750393643_n.jpg\" alt=\"\" width=\"597\" height=\"844\" srcset=\"http:\/\/www.portaldelolleria.es\/wp-content\/uploads\/2016\/02\/12742121_1045126938882194_2394544806750393643_n.jpg 679w, http:\/\/www.portaldelolleria.es\/wp-content\/uploads\/2016\/02\/12742121_1045126938882194_2394544806750393643_n-212x300.jpg 212w\" sizes=\"(max-width: 597px) 100vw, 597px\" \/><\/a><\/p>\n<\/div>\n","protected":false},"excerpt":{"rendered":"<p>JORNADA FORMATIVA GRATU\u00cfTA El divendres 26 de FEBRER, de 10:30 h. fins les 12:00 h. en l\u2019Espai Ideo-Start UPV (C\/ S.S. Juan XXIII, n\u00ba25 baix), es celebrar\u00e0 una jornada formativa gratu\u00efta \u00abTREBALLA AMB FACEBOOK LA TEUA MARCA PERSONAL. Link per a inscripcions: \u00b7 https:\/\/www.eventbrite.com\/e\/facebook-marca-personal-herram\u2026 Per a m\u00e9s informaci\u00f3, preguntar en les seg\u00fcents correus Electr\u00f2nics: \u00b7 [&hellip;]<\/p>\n","protected":false},"author":1,"featured_media":0,"comment_status":"closed","ping_status":"open","sticky":false,"template":"","format":"standard","meta":{"_monsterinsights_skip_tracking":false,"_monsterinsights_sitenote_active":false,"_monsterinsights_sitenote_note":"","_monsterinsights_sitenote_category":0},"categories":[11,12],"tags":[],"_links":{"self":[{"href":"http:\/\/www.portaldelolleria.es\/index.php?rest_route=\/wp\/v2\/posts\/12262"}],"collection":[{"href":"http:\/\/www.portaldelolleria.es\/index.php?rest_route=\/wp\/v2\/posts"}],"about":[{"href":"http:\/\/www.portaldelolleria.es\/index.php?rest_route=\/wp\/v2\/types\/post"}],"author":[{"embeddable":true,"href":"http:\/\/www.portaldelolleria.es\/index.php?rest_route=\/wp\/v2\/users\/1"}],"replies":[{"embeddable":true,"href":"http:\/\/www.portaldelolleria.es\/index.php?rest_route=%2Fwp%2Fv2%2Fcomments&post=12262"}],"version-history":[{"count":5,"href":"http:\/\/www.portaldelolleria.es\/index.php?rest_route=\/wp\/v2\/posts\/12262\/revisions"}],"predecessor-version":[{"id":12269,"href":"http:\/\/www.portaldelolleria.es\/index.php?rest_route=\/wp\/v2\/posts\/12262\/revisions\/12269"}],"wp:attachment":[{"href":"http:\/\/www.portaldelolleria.es\/index.php?rest_route=%2Fwp%2Fv2%2Fmedia&parent=12262"}],"wp:term":[{"taxonomy":"category","embeddable":true,"href":"http:\/\/www.portaldelolleria.es\/index.php?rest_route=%2Fwp%2Fv2%2Fcategories&post=12262"},{"taxonomy":"post_tag","embeddable":true,"href":"http:\/\/www.portaldelolleria.es\/index.php?rest_route=%2Fwp%2Fv2%2Ftags&post=12262"}],"curies":[{"name":"wp","href":"https:\/\/api.w.org\/{rel}","templated":true}]}}