{"id":12314,"date":"2016-02-25T19:45:28","date_gmt":"2016-02-25T17:45:28","guid":{"rendered":"http:\/\/www.portaldelolleria.es\/?p=12314"},"modified":"2016-02-25T19:45:59","modified_gmt":"2016-02-25T17:45:59","slug":"jornada-formativa-gratuita-para-aprender-a-manejar-las-herramientas-del-autoservef","status":"publish","type":"post","link":"http:\/\/www.portaldelolleria.es\/?p=12314","title":{"rendered":"Jornada formativa gratuita para aprender a manejar las \u00abherramientas\u00bb del autoServef."},"content":{"rendered":"<p><a href=\"http:\/\/www.portaldelolleria.es\/wp-content\/uploads\/2016\/02\/servef.jpg\"><img loading=\"lazy\" class=\"aligncenter size-full wp-image-12316\" title=\"servef\" src=\"http:\/\/www.portaldelolleria.es\/wp-content\/uploads\/2016\/02\/servef.jpg\" alt=\"\" width=\"598\" height=\"398\" srcset=\"http:\/\/www.portaldelolleria.es\/wp-content\/uploads\/2016\/02\/servef.jpg 598w, http:\/\/www.portaldelolleria.es\/wp-content\/uploads\/2016\/02\/servef-300x199.jpg 300w\" sizes=\"(max-width: 598px) 100vw, 598px\" \/><\/a><\/p>\n<p style=\"text-align: justify;\">El pr\u00f3ximo 3 de marzo, se celebrar\u00e1 en las instalaciones de Espai-Ideo, una jornada formativa gratuita sobre la utilizaci\u00f3n de herramientas del autoservef. La jornada tendr\u00e1 dos horarios opcionales, uno de ma\u00f1ana y otro de tarde. Los interesados podran inscribirse hasta el 2 de marzo en la oficina del ADL en el Ayuntamiento, c\/Sto Tom\u00e1s, 2,\u00a0 607 547 643,\u00a0 adl@lolleria.org.\u00a0 El curso est\u00e1 organizado por el propio Ayuntamiento en colaboraci\u00f3n con el Servef.<\/p>\n<p>&nbsp;<\/p>\n<p><a href=\"http:\/\/www.portaldelolleria.es\/wp-content\/uploads\/2016\/02\/servef2.jpg\"><img loading=\"lazy\" class=\"aligncenter size-full wp-image-12315\" title=\"servef2\" src=\"http:\/\/www.portaldelolleria.es\/wp-content\/uploads\/2016\/02\/servef2.jpg\" alt=\"\" width=\"400\" height=\"566\" srcset=\"http:\/\/www.portaldelolleria.es\/wp-content\/uploads\/2016\/02\/servef2.jpg 400w, http:\/\/www.portaldelolleria.es\/wp-content\/uploads\/2016\/02\/servef2-212x300.jpg 212w\" sizes=\"(max-width: 400px) 100vw, 400px\" \/><\/a><\/p>\n","protected":false},"excerpt":{"rendered":"<p>El pr\u00f3ximo 3 de marzo, se celebrar\u00e1 en las instalaciones de Espai-Ideo, una jornada formativa gratuita sobre la utilizaci\u00f3n de herramientas del autoservef. La jornada tendr\u00e1 dos horarios opcionales, uno de ma\u00f1ana y otro de tarde. Los interesados podran inscribirse hasta el 2 de marzo en la oficina del ADL en el Ayuntamiento, c\/Sto Tom\u00e1s, [&hellip;]<\/p>\n","protected":false},"author":1,"featured_media":0,"comment_status":"closed","ping_status":"open","sticky":false,"template":"","format":"standard","meta":{"_monsterinsights_skip_tracking":false,"_monsterinsights_sitenote_active":false,"_monsterinsights_sitenote_note":"","_monsterinsights_sitenote_category":0},"categories":[11,12],"tags":[],"_links":{"self":[{"href":"http:\/\/www.portaldelolleria.es\/index.php?rest_route=\/wp\/v2\/posts\/12314"}],"collection":[{"href":"http:\/\/www.portaldelolleria.es\/index.php?rest_route=\/wp\/v2\/posts"}],"about":[{"href":"http:\/\/www.portaldelolleria.es\/index.php?rest_route=\/wp\/v2\/types\/post"}],"author":[{"embeddable":true,"href":"http:\/\/www.portaldelolleria.es\/index.php?rest_route=\/wp\/v2\/users\/1"}],"replies":[{"embeddable":true,"href":"http:\/\/www.portaldelolleria.es\/index.php?rest_route=%2Fwp%2Fv2%2Fcomments&post=12314"}],"version-history":[{"count":5,"href":"http:\/\/www.portaldelolleria.es\/index.php?rest_route=\/wp\/v2\/posts\/12314\/revisions"}],"predecessor-version":[{"id":12326,"href":"http:\/\/www.portaldelolleria.es\/index.php?rest_route=\/wp\/v2\/posts\/12314\/revisions\/12326"}],"wp:attachment":[{"href":"http:\/\/www.portaldelolleria.es\/index.php?rest_route=%2Fwp%2Fv2%2Fmedia&parent=12314"}],"wp:term":[{"taxonomy":"category","embeddable":true,"href":"http:\/\/www.portaldelolleria.es\/index.php?rest_route=%2Fwp%2Fv2%2Fcategories&post=12314"},{"taxonomy":"post_tag","embeddable":true,"href":"http:\/\/www.portaldelolleria.es\/index.php?rest_route=%2Fwp%2Fv2%2Ftags&post=12314"}],"curies":[{"name":"wp","href":"https:\/\/api.w.org\/{rel}","templated":true}]}}