{"id":1258,"date":"2012-09-10T16:05:59","date_gmt":"2012-09-10T15:05:59","guid":{"rendered":"http:\/\/www.portaldelolleria.es\/?p=1258"},"modified":"2012-09-13T20:42:17","modified_gmt":"2012-09-13T19:42:17","slug":"la-junta-central-de-moros-y-cristianos-de-l%e2%80%99olleria-inaugura-su-nueva-sede","status":"publish","type":"post","link":"http:\/\/www.portaldelolleria.es\/?p=1258","title":{"rendered":"La Junta Central de Moros y Cristianos de L\u2019Olleria inaugura su nueva sede"},"content":{"rendered":"<p>La Junta Central de Moros y Cristianos de L\u2019Olleria ya tiene nueva sede. Estas nuevas dependencias en las que la Junta podr\u00e1 desarrollar sus actividades, es fruto del convenio entre la Junta y el Ayuntamiento de L\u2019Olleria.<\/p>\n<p><a href=\"http:\/\/www.portaldelolleria.es\/wp-content\/uploads\/2012\/09\/jmic.jpg\"><img loading=\"lazy\" class=\"aligncenter size-full wp-image-1259\" title=\"jmic\" src=\"http:\/\/www.portaldelolleria.es\/wp-content\/uploads\/2012\/09\/jmic.jpg\" alt=\"\" width=\"598\" height=\"398\" srcset=\"http:\/\/www.portaldelolleria.es\/wp-content\/uploads\/2012\/09\/jmic.jpg 598w, http:\/\/www.portaldelolleria.es\/wp-content\/uploads\/2012\/09\/jmic-300x199.jpg 300w\" sizes=\"(max-width: 598px) 100vw, 598px\" \/><\/a><\/p>\n<p>La semana de fiestas, fue la fecha elegida para la inauguraci\u00f3n oficial de esta nueva sede. El acto que tuvo lugar el jueves 31 de Julio, se inici\u00f3 con la firma del convenio, contando con la presencia del alcalde, Jos\u00e9 Vidal, Presidente de la Junta Central de Moros y Cristianos, Jos\u00e9 Ram\u00f3n Esteve, el concejal de Fiestas, Juan R. Ruano, entre otros miembros de la corporaci\u00f3n, la Reina de Fiestas de 2012, Andrea Moll\u00e0 \u00c1lamo, Capit\u00e1n y Embajadores de 2012, Publicador de 2012, Mantenedora de 2012 y numerosos miembros de la Junta Central y festeros.<\/p>\n<p>En la firma del convenio que ten\u00eda lugar momentos antes de la inauguraci\u00f3n en el sal\u00f3n de plenos del antiguo Ayuntamiento, el alcalde Jos\u00e9 Vidal subrayaba \u201cla importancia de este convenio que cede gratuitamente parte de las dependencias del antiguo Ayuntamiento a la Junta Central para que tengan una sede en la que poder desarrollar sus actividades y continuar trabajando por nuestras fiestas de Moros y Cristianos\u201d destacando \u201cla ubicaci\u00f3n de este espacio que est\u00e1 en el centro de la localidad y es testigo de gran parte de los actos de nuestras Fiestas Patronales y de Moros y Cristianos\u201d.<\/p>\n<p>Por su parte, el Presidente de la Junta, Jos\u00e9 Ram\u00f3n Esteve manifestaba su gran alegr\u00eda por la firma del convenio\u00a0 y la inauguraci\u00f3n de su nueva sede y presentaba a los padrinos de la misma \u201cdos personas a las que guardamos mucho cari\u00f1o y que tienen una relaci\u00f3n muy estrecha con nuestras fiestas, Jos\u00e9 Luis Chuli\u00e1 Ferre y Josefa \u00c1lvarez Calatayud, quien emocionada daba las gracias en su nombre y en el de Chuli\u00e1 por haber pensado en ellos para esta importante inauguraci\u00f3n\u201d.<\/p>\n<p>Tras la firma del convenio, se dio paso al descubrimiento de placa y al corte de cinta siendo la encargada Josefa \u00c1lvarez, despu\u00e9s se continu\u00f3 con la bendici\u00f3n por parte del cura-p\u00e1rroco de la localidad, Emilio Esteve. Finalizando el acto con la visita a las dependencias en las que el Presidente de la Junta hizo de anfitri\u00f3n.<\/p>\n<p><a href=\"http:\/\/www.portaldelolleria.es\/wp-content\/uploads\/2012\/09\/jmic2.jpg\"><img loading=\"lazy\" class=\"aligncenter size-full wp-image-1266\" title=\"jmic2\" src=\"http:\/\/www.portaldelolleria.es\/wp-content\/uploads\/2012\/09\/jmic2.jpg\" alt=\"\" width=\"598\" height=\"398\" srcset=\"http:\/\/www.portaldelolleria.es\/wp-content\/uploads\/2012\/09\/jmic2.jpg 598w, http:\/\/www.portaldelolleria.es\/wp-content\/uploads\/2012\/09\/jmic2-300x199.jpg 300w\" sizes=\"(max-width: 598px) 100vw, 598px\" \/><\/a><\/p>\n","protected":false},"excerpt":{"rendered":"<p>La Junta Central de Moros y Cristianos de L\u2019Olleria ya tiene nueva sede. Estas nuevas dependencias en las que la Junta podr\u00e1 desarrollar sus actividades, es fruto del convenio entre la Junta y el Ayuntamiento de L\u2019Olleria. La semana de fiestas, fue la fecha elegida para la inauguraci\u00f3n oficial de esta nueva sede. El acto [&hellip;]<\/p>\n","protected":false},"author":2,"featured_media":0,"comment_status":"closed","ping_status":"open","sticky":false,"template":"","format":"standard","meta":{"_monsterinsights_skip_tracking":false,"_monsterinsights_sitenote_active":false,"_monsterinsights_sitenote_note":"","_monsterinsights_sitenote_category":0},"categories":[17,12],"tags":[328,326,20,213,327],"_links":{"self":[{"href":"http:\/\/www.portaldelolleria.es\/index.php?rest_route=\/wp\/v2\/posts\/1258"}],"collection":[{"href":"http:\/\/www.portaldelolleria.es\/index.php?rest_route=\/wp\/v2\/posts"}],"about":[{"href":"http:\/\/www.portaldelolleria.es\/index.php?rest_route=\/wp\/v2\/types\/post"}],"author":[{"embeddable":true,"href":"http:\/\/www.portaldelolleria.es\/index.php?rest_route=\/wp\/v2\/users\/2"}],"replies":[{"embeddable":true,"href":"http:\/\/www.portaldelolleria.es\/index.php?rest_route=%2Fwp%2Fv2%2Fcomments&post=1258"}],"version-history":[{"count":3,"href":"http:\/\/www.portaldelolleria.es\/index.php?rest_route=\/wp\/v2\/posts\/1258\/revisions"}],"predecessor-version":[{"id":1283,"href":"http:\/\/www.portaldelolleria.es\/index.php?rest_route=\/wp\/v2\/posts\/1258\/revisions\/1283"}],"wp:attachment":[{"href":"http:\/\/www.portaldelolleria.es\/index.php?rest_route=%2Fwp%2Fv2%2Fmedia&parent=1258"}],"wp:term":[{"taxonomy":"category","embeddable":true,"href":"http:\/\/www.portaldelolleria.es\/index.php?rest_route=%2Fwp%2Fv2%2Fcategories&post=1258"},{"taxonomy":"post_tag","embeddable":true,"href":"http:\/\/www.portaldelolleria.es\/index.php?rest_route=%2Fwp%2Fv2%2Ftags&post=1258"}],"curies":[{"name":"wp","href":"https:\/\/api.w.org\/{rel}","templated":true}]}}