{"id":12664,"date":"2016-03-22T09:45:36","date_gmt":"2016-03-22T07:45:36","guid":{"rendered":"http:\/\/www.portaldelolleria.es\/?p=12664"},"modified":"2016-03-22T12:02:01","modified_gmt":"2016-03-22T10:02:01","slug":"abierto-plazo-matricula-para-pruebas-certificados-de-conocimiento-de-valenciano","status":"publish","type":"post","link":"http:\/\/www.portaldelolleria.es\/?p=12664","title":{"rendered":"Abierto plazo matricula para pruebas certificados de conocimiento de valenciano"},"content":{"rendered":"<p>&nbsp;<\/p>\n<p><a href=\"http:\/\/www.portaldelolleria.es\/wp-content\/uploads\/2016\/03\/jcv.jpg\"><img loading=\"lazy\" class=\"aligncenter size-full wp-image-12665\" title=\"jcv\" src=\"http:\/\/www.portaldelolleria.es\/wp-content\/uploads\/2016\/03\/jcv.jpg\" alt=\"\" width=\"598\" height=\"398\" srcset=\"http:\/\/www.portaldelolleria.es\/wp-content\/uploads\/2016\/03\/jcv.jpg 598w, http:\/\/www.portaldelolleria.es\/wp-content\/uploads\/2016\/03\/jcv-300x199.jpg 300w\" sizes=\"(max-width: 598px) 100vw, 598px\" \/><\/a><\/p>\n<p>&nbsp;<\/p>\n<ul>\n<li>\u00bfQu\u00e9 se puede solicitar?<strong>Nombre del tr\u00e1mite<\/strong>Solicitud de matr\u00edcula para la realizaci\u00f3n de pruebas para la obtenci\u00f3n de certificados oficiales administrativos de conocimientos de valenciano (Junta Qualificadora de Coneixements de Valenci\u00e0 &#8211; JQCV)\n<p><strong>Objeto del tr\u00e1mite<\/strong><\/p>\n<p>Obtenci\u00f3n de los certificados oficiales administrativos de conocimientos de valenciano siguientes:<br \/>\n&#8211; Certificado de conocimientos orales de valenciano: A2 Marco Europeo Com\u00fan de Referencia para las Lenguas (MECR)<br \/>\n&#8211; Certificado de grado elemental de conocimientos de valenciano: B1 MECR<br \/>\n&#8211; Certificado de grado medio de conocimientos de valenciano: C1 MECR<br \/>\n&#8211; Certificado de grado superior de conocimientos de valenciano: C2 MECR<br \/>\n&#8211; Certificado de capacitaci\u00f3n t\u00e9cnica, lenguaje administrativo.<br \/>\n&#8211; Certificado de capacitaci\u00f3n t\u00e9cnica, correcci\u00f3n de textos.<br \/>\n&#8211; Certificado de capacitaci\u00f3n t\u00e9cnica, lenguaje en los medios de comunicaci\u00f3n.<\/p>\n<p><a href=\"http:\/\/www.gva.es\/es\/inicio\/procedimientos?id_proc=281&amp;version=red#top\">Inicio<\/a><\/li>\n<li>\u00bfQui\u00e9n puede iniciarlo?<strong>Interesados\/Solicitantes<\/strong>Las personas interesadas en la obtenci\u00f3n de alguno de los certificados mencionados\n<p><strong>Requisitos<\/strong><\/p>\n<p>1. Para poder participar en las pruebas es necesario haber cumplido los diecis\u00e9is a\u00f1os, o cumplirlos durante el a\u00f1o de la convocatoria.<br \/>\n2. Las personas aspirantes a los certificados de capacitaci\u00f3n t\u00e9cnica de lenguaje administrativo y de lenguaje en los medios de comunicaci\u00f3n deben estar en posesi\u00f3n del certificado de grado medio de conocimientos de valenciano.<br \/>\n3. Las personas aspirantes al certificado de capacitaci\u00f3n t\u00e9cnica de correcci\u00f3n de textos deben estar en posesi\u00f3n del certificado de grado superior de conocimientos de valenciano.<\/p>\n<p><a href=\"http:\/\/www.gva.es\/es\/inicio\/procedimientos?id_proc=281&amp;version=red#top\">Inicio<\/a><\/li>\n<li>\u00bfCu\u00e1ndo solicitarlo?<strong>Plazo de presentaci\u00f3n<\/strong>El plazo de presentaci\u00f3n de solicitudes ser\u00e1 del 21 de marzo al 22 de abril de 2016.\n<p><a href=\"http:\/\/www.gva.es\/es\/inicio\/procedimientos?id_proc=281&amp;version=red#top\">Inicio<\/a><\/li>\n<li>\u00bfD\u00f3nde dirigirse?<strong>Presencial<\/strong>&#8211; En los registros de los \u00f3rganos administrativos a que se dirijan o ante cualquier \u00f3rgano administrativo que pertenezca a la Administraci\u00f3n General del Estado, a la de cualquier administraci\u00f3n de las comunidades aut\u00f3nomas, o a la de alguna de las entidades que forman la administraci\u00f3n local si, en este \u00faltimo caso, se hubiera suscrito el oportuno convenio, as\u00ed como en las representaciones diplom\u00e1ticas u oficinas consulares de Espa\u00f1a en el extranjero.\n<p>&#8211; Tambi\u00e9n en cualquier oficina de correos. En este caso se deber\u00e1 presentar en sobre abierto para que se pueda estampar el sello y la fecha en el impreso de solicitud y en la copia.<\/p>\n<p>&#8211; Y, preferentemente, en:<\/p>\n<p>REGISTRO DE LA DIRECCI\u00d3N TERRITORIAL DE EDUCACI\u00d3N, INVESTIGACI\u00d3N, CULTURA Y DEPORTE &#8211; CASTELL\u00d3N<br \/>\nAVDA. DEL MAR, 23<a title=\"Ver plano\" href=\"http:\/\/www.gva.es\/portal\/page\/portal\/inicio\/atencion_ciudadano\/buscadores\/buscador_mapa?lng=-0.03225&amp;lat=39.985374&amp;dept=15093\" target=\"_blank\"><img title=\"Ver plano\" src=\"http:\/\/www.gva.es\/resources\/v2\/img\/mapa.gif\" alt=\"Ver plano\" \/><\/a><br \/>\n12003 Castell\u00f3 de la Plana\/Castell\u00f3n de la Plana<br \/>\nTel: 333882<br \/>\nREGISTRO DE LA DIRECCI\u00d3N TERRITORIAL DE EDUCACI\u00d3N, INVESTIGACI\u00d3N, CULTURA Y DEPORTE &#8211; ALICANTE<br \/>\nC\/ CARRATAL\u00c1, 47<a title=\"Ver plano\" href=\"http:\/\/www.gva.es\/portal\/page\/portal\/inicio\/atencion_ciudadano\/buscadores\/buscador_mapa?lng=-0.500811&amp;lat=38.342586&amp;dept=15088\" target=\"_blank\"><img title=\"Ver plano\" src=\"http:\/\/www.gva.es\/resources\/v2\/img\/mapa.gif\" alt=\"Ver plano\" \/><\/a><br \/>\n03007 Alacant\/Alicante<br \/>\nTel: 012<br \/>\nREGISTRO DE LA DIRECCI\u00d3N TERRITORIAL DE EDUCACI\u00d3N, INVESTIGACI\u00d3N, CULTURA Y DEPORTE &#8211; VALENCIA<br \/>\nC\/ GREGORIO GEA, 14<a title=\"Ver plano\" href=\"http:\/\/www.gva.es\/portal\/page\/portal\/inicio\/atencion_ciudadano\/buscadores\/buscador_mapa?lng=-0.385871&amp;lat=39.483371&amp;dept=15096\" target=\"_blank\"><img title=\"Ver plano\" src=\"http:\/\/www.gva.es\/resources\/v2\/img\/mapa.gif\" alt=\"Ver plano\" \/><\/a><br \/>\n46009 Valencia<br \/>\nTel: 012<br \/>\nREGISTRO GENERAL DE LA CONSELLERIA DE EDUCACI\u00d3N, INVESTIGACI\u00d3N, CULTURA Y DEPORTE<br \/>\nAVDA. CAMPANAR, 32<a title=\"Ver plano\" href=\"http:\/\/www.gva.es\/portal\/page\/portal\/inicio\/atencion_ciudadano\/buscadores\/buscador_mapa?lng=-0.392309&amp;lat=39.482925&amp;dept=15079\" target=\"_blank\"><img title=\"Ver plano\" src=\"http:\/\/www.gva.es\/resources\/v2\/img\/mapa.gif\" alt=\"Ver plano\" \/><\/a><br \/>\n46015 Valencia<br \/>\nTel: 961970062<\/p>\n<p><a href=\"http:\/\/www.gva.es\/es\/inicio\/procedimientos?id_proc=281&amp;version=red#top\">Inicio<\/a><\/li>\n<li>\u00bfQu\u00e9 documentaci\u00f3n se debe presentar?DE FORMA PRESENCIAL:<br \/>\nPara poder participar en las pruebas deber\u00e1 solicitarse presentando el impreso multicopia normalizado, que se hallar\u00e1 a disposici\u00f3n de los interesados en la Conselleria de Educaci\u00f3n, Investigaci\u00f3n, Cultura y Deporte, en las direcciones territoriales de Educaci\u00f3n, Investigaci\u00f3n, Cultura y Deporte y en la web de la JQCV: http:\/\/www.ceice.gva.es\/polin\/val\/jqcv\/solicitud.htmlDE FORMA TELEM\u00c1TICA:<br \/>\nLas personas que dispongan de un DNI con certificado electr\u00f3nico incorporado o firma electr\u00f3nica de la Autoridad de Certificaci\u00f3n de la Comunitat Valenciana tambi\u00e9n podr\u00e1n hacer la inscripci\u00f3n y el abono de las tasas por v\u00eda telem\u00e1tica a trav\u00e9s de la web: http:\/\/www.cece.gva.es\/polin\/val\/jqcv\/solicitud.html<br \/>\nEn dicho caso no ser\u00e1 necesaria la presentaci\u00f3n de la inscripci\u00f3n en ning\u00fan registro.<\/p>\n<p><strong>Impresos asociados<\/strong><\/p>\n<p><a href=\"http:\/\/www.edu.gva.es\/polin\/es\/jqcv\/solicitud.html\" target=\"_blank\">Impreso de matr\u00edcula para la realizaci\u00f3n de pruebas para la obtenci\u00f3n de certificados oficiales administrativos de conocimientos de valenciano<\/a><\/p>\n<p><a href=\"http:\/\/www.gva.es\/es\/inicio\/procedimientos?id_proc=281&amp;version=red#top\">Inicio<\/a><\/li>\n<\/ul>\n<p>&nbsp;<\/p>\n<p style=\"text-align: center;\"><a href=\"http:\/\/www.gva.es\/va\/inicio\/procedimientos?id_proc=281&amp;version=amp\" target=\"_blank\">MAS INFORMACI\u00d3N<\/a><\/p>\n","protected":false},"excerpt":{"rendered":"<p>&nbsp; &nbsp; \u00bfQu\u00e9 se puede solicitar?Nombre del tr\u00e1miteSolicitud de matr\u00edcula para la realizaci\u00f3n de pruebas para la obtenci\u00f3n de certificados oficiales administrativos de conocimientos de valenciano (Junta Qualificadora de Coneixements de Valenci\u00e0 &#8211; JQCV) Objeto del tr\u00e1mite Obtenci\u00f3n de los certificados oficiales administrativos de conocimientos de valenciano siguientes: &#8211; Certificado de conocimientos orales de valenciano: [&hellip;]<\/p>\n","protected":false},"author":1,"featured_media":0,"comment_status":"closed","ping_status":"open","sticky":false,"template":"","format":"standard","meta":{"_monsterinsights_skip_tracking":false,"_monsterinsights_sitenote_active":false,"_monsterinsights_sitenote_note":"","_monsterinsights_sitenote_category":0},"categories":[11,12],"tags":[],"_links":{"self":[{"href":"http:\/\/www.portaldelolleria.es\/index.php?rest_route=\/wp\/v2\/posts\/12664"}],"collection":[{"href":"http:\/\/www.portaldelolleria.es\/index.php?rest_route=\/wp\/v2\/posts"}],"about":[{"href":"http:\/\/www.portaldelolleria.es\/index.php?rest_route=\/wp\/v2\/types\/post"}],"author":[{"embeddable":true,"href":"http:\/\/www.portaldelolleria.es\/index.php?rest_route=\/wp\/v2\/users\/1"}],"replies":[{"embeddable":true,"href":"http:\/\/www.portaldelolleria.es\/index.php?rest_route=%2Fwp%2Fv2%2Fcomments&post=12664"}],"version-history":[{"count":3,"href":"http:\/\/www.portaldelolleria.es\/index.php?rest_route=\/wp\/v2\/posts\/12664\/revisions"}],"predecessor-version":[{"id":12667,"href":"http:\/\/www.portaldelolleria.es\/index.php?rest_route=\/wp\/v2\/posts\/12664\/revisions\/12667"}],"wp:attachment":[{"href":"http:\/\/www.portaldelolleria.es\/index.php?rest_route=%2Fwp%2Fv2%2Fmedia&parent=12664"}],"wp:term":[{"taxonomy":"category","embeddable":true,"href":"http:\/\/www.portaldelolleria.es\/index.php?rest_route=%2Fwp%2Fv2%2Fcategories&post=12664"},{"taxonomy":"post_tag","embeddable":true,"href":"http:\/\/www.portaldelolleria.es\/index.php?rest_route=%2Fwp%2Fv2%2Ftags&post=12664"}],"curies":[{"name":"wp","href":"https:\/\/api.w.org\/{rel}","templated":true}]}}