{"id":12928,"date":"2016-04-15T11:20:12","date_gmt":"2016-04-15T09:20:12","guid":{"rendered":"http:\/\/www.portaldelolleria.es\/?p=12928"},"modified":"2016-04-15T11:21:31","modified_gmt":"2016-04-15T09:21:31","slug":"upv-el-foro-de-empleo-sale-a-la-calle","status":"publish","type":"post","link":"http:\/\/www.portaldelolleria.es\/?p=12928","title":{"rendered":"UPV Alcoi,  el Foro de Empleo sale a la calle"},"content":{"rendered":"<p><a href=\"http:\/\/www.portaldelolleria.es\/wp-content\/uploads\/2016\/04\/upv-empleo2.jpg\"><img loading=\"lazy\" class=\"aligncenter size-full wp-image-12930\" title=\"upv empleo2\" src=\"http:\/\/www.portaldelolleria.es\/wp-content\/uploads\/2016\/04\/upv-empleo2.jpg\" alt=\"\" width=\"598\" height=\"368\" srcset=\"http:\/\/www.portaldelolleria.es\/wp-content\/uploads\/2016\/04\/upv-empleo2.jpg 598w, http:\/\/www.portaldelolleria.es\/wp-content\/uploads\/2016\/04\/upv-empleo2-300x184.jpg 300w\" sizes=\"(max-width: 598px) 100vw, 598px\" \/><\/a><\/p>\n<p><span style=\"color: #888888;\"><em>UPV Alcoi, 14 de abril de 2016<\/em><\/span><\/p>\n<p style=\"text-align: justify;\"><strong>Este a\u00f1o el Foro de Empleo sale a la calle<\/strong><\/p>\n<p style=\"text-align: justify;\"><strong>Los padres de los futuros alumnos visitar\u00e1n las instalaciones donde estudiar\u00e1n sus<\/strong><\/p>\n<p style=\"text-align: justify;\"><strong>hijos.<\/strong><\/p>\n<ul style=\"text-align: justify;\">\n<li><strong>Esta ma\u00f1ana en la plaza Ferrandiz y Carbonell, se ha celebrado la segunda jornada del Foro de Empleo y Emprendimiento 2016.<\/strong><\/li>\n<li><strong>Eugeni Alemany ha sido el maestro de ceremonia de la actividad, que la incorporado como una de las novedades, su emplazamiento en la calle.<\/strong><\/li>\n<\/ul>\n<p style=\"text-align: justify;\">Esta ma\u00f1ana ha tenido lugar en la plaza Ferr\u00e1ndiz y Carbonell, el acto central de la edici\u00f3n del Foro de Empleo y Emprendimiento 2016, que como en a\u00f1os anteriores, organiza el Campus d\u2019Alcoi de la Universitat \u00a0Polit\u00e8cnica de Val\u00e8ncia (UPV), el Servicio Integrado de Empleo de la Universitat Polit\u00e8cnica de Val\u00e8ncia y L\u2019Ajuntament d\u2019Alcoi, con la colaboraci\u00f3n de diversas empresas de la zona, entre ellas, Uni\u00f3n Alcoyana Seguros, Valora Prevenci\u00f3n o el Taller de Pi\u00f1ero.<\/p>\n<p style=\"text-align: justify;\">Han asistido el vicerrector de Empleo y Emprendimiento de la UPV Jos\u00e9 Millet, Carmina Gil, Jefa del Servicio Integrado de Empleo de la UPV, \u00a0Manuel Gomicia regidor de Empresa, Formaci\u00f3n e\u00a0 Innovaci\u00f3n del Ayuntamiento de Alcoy, Pablo Gracia, presidente de FEDAT, concejales de las sedes universitarias y representantes empresariales.<\/p>\n<p style=\"text-align: justify;\">Como novedad m\u00e1s representativa, este a\u00f1o la din\u00e1mica ha consistido en montar una Feria al aire libre, con los trabajos final de grado o m\u00e1ster, proyectos de emprendimiento, l\u00edneas de investigaci\u00f3n de nuestro Campus y trabajos de Institutos de formaci\u00f3n profesional, empresas.\u00a0 Profesores del campus y proyectos de generaci\u00f3n espont\u00e1nea, que tienen gran aplicabilidad en el mundo empresarial, se han sumado para participar en un Elevator Pitch.<\/p>\n<p style=\"text-align: justify;\">Los participantes en el mismo, tuvieron ocasi\u00f3n el pasado 7 de abril de asistir a un taller realizado en las instalaciones de L\u2019\u00c0gora, donde Fabi\u00e1n Villena, les adiestr\u00f3 en este tipo de presentaciones tan en boga en los \u00faltimos tiempos. Han dispuesto de noventa segundos para presentar sus proyectos delante del p\u00fablico asistente. Otra de las novedades de esta edici\u00f3n, ha sido la posibilidad de que alumnos que actualmente est\u00e1n estudiando en el extranjero, hayan podido realizar conexiones en directo para presentar sus trabajos, de esta manera hemos podido conectar con \u00a0Beijing (China), Mil\u00e1n (Italia), Oklahoma y Wisconsin (EE UU). Tambi\u00e9n se han recogido curriculums de estudiantes destinados a las empresas que han asistido al acto.<\/p>\n<p style=\"text-align: justify;\">El ganador del Elevator Pitch ha sido Zicri Aziel Montiel, Ingeniero qu\u00edmico salvadore\u00f1o que vino a nuestro campus para realizar el M\u00e1ster en Ingenier\u00eda Textil.<\/p>\n<p style=\"text-align: justify;\">El acto ha estado dinamizado por Eugeni Alemany<\/p>\n<p style=\"text-align: justify;\">Conocido presentador de televisi\u00f3n, humorista y guionista valenciano, con m\u00e1s de 15 a\u00f1os de experiencia. A lo largo de su carrera ha trabajado en cadenas estatales (T5, Cuatro) y auton\u00f3micas (C9, TV3), haciendo todo tipo de programas. Desde reportajes y humor como \u201cCaiga Quien Caiga\u201d, \u201cGormandia\u201d, \u201cA la fresca\u201d, a programas de divulgaci\u00f3n de la lengua y cultura valenciana como \u201cTrau la llengua\u201d o \u201cSense filtre\u201d. Actualmente desarrolla su actividad en el mundo del teatro, donde est\u00e1 viajando por toda la geograf\u00eda valenciana con diferentes espect\u00e1culos de humor en valenciano. Tambi\u00e9n es muy activo en las redes sociales, en las que se ha especializado en la creaci\u00f3n de brandend content para diferentes marcas, poniendo en marcha campa\u00f1as de gran visibilidad como el #paellaemoji o el concurso #nadantambmelons.<\/p>\n<p style=\"text-align: justify;\">El acto ha terminado con las palabras de Juan Ignacio Torregrosa, Director del Campus de Alcoi de la Universitat Polit\u00e8cnica de Val\u00e8ncia, qui\u00e9n ha conectado por videoconferencia desde Mil\u00e1n, donde ha viajado para visitar a los alumnos del Grado en Ingenier\u00eda en Dise\u00f1o Industrial y desarrollo de Productos que se encuentran exponiendo su colecci\u00f3n en la feria internacional de Ventura Lambrate.<\/p>\n<p style=\"text-align: justify;\"><a href=\"http:\/\/www.portaldelolleria.es\/wp-content\/uploads\/2016\/04\/upv-empleo1.jpg\"><img loading=\"lazy\" class=\"aligncenter size-full wp-image-12929\" title=\"upv empleo1\" src=\"http:\/\/www.portaldelolleria.es\/wp-content\/uploads\/2016\/04\/upv-empleo1.jpg\" alt=\"\" width=\"598\" height=\"379\" srcset=\"http:\/\/www.portaldelolleria.es\/wp-content\/uploads\/2016\/04\/upv-empleo1.jpg 598w, http:\/\/www.portaldelolleria.es\/wp-content\/uploads\/2016\/04\/upv-empleo1-300x190.jpg 300w\" sizes=\"(max-width: 598px) 100vw, 598px\" \/><\/a><\/p>\n","protected":false},"excerpt":{"rendered":"<p>UPV Alcoi, 14 de abril de 2016 Este a\u00f1o el Foro de Empleo sale a la calle Los padres de los futuros alumnos visitar\u00e1n las instalaciones donde estudiar\u00e1n sus hijos. Esta ma\u00f1ana en la plaza Ferrandiz y Carbonell, se ha celebrado la segunda jornada del Foro de Empleo y Emprendimiento 2016. Eugeni Alemany ha sido [&hellip;]<\/p>\n","protected":false},"author":1,"featured_media":0,"comment_status":"closed","ping_status":"open","sticky":false,"template":"","format":"standard","meta":{"_monsterinsights_skip_tracking":false,"_monsterinsights_sitenote_active":false,"_monsterinsights_sitenote_note":"","_monsterinsights_sitenote_category":0},"categories":[11,12,1058],"tags":[],"_links":{"self":[{"href":"http:\/\/www.portaldelolleria.es\/index.php?rest_route=\/wp\/v2\/posts\/12928"}],"collection":[{"href":"http:\/\/www.portaldelolleria.es\/index.php?rest_route=\/wp\/v2\/posts"}],"about":[{"href":"http:\/\/www.portaldelolleria.es\/index.php?rest_route=\/wp\/v2\/types\/post"}],"author":[{"embeddable":true,"href":"http:\/\/www.portaldelolleria.es\/index.php?rest_route=\/wp\/v2\/users\/1"}],"replies":[{"embeddable":true,"href":"http:\/\/www.portaldelolleria.es\/index.php?rest_route=%2Fwp%2Fv2%2Fcomments&post=12928"}],"version-history":[{"count":5,"href":"http:\/\/www.portaldelolleria.es\/index.php?rest_route=\/wp\/v2\/posts\/12928\/revisions"}],"predecessor-version":[{"id":12934,"href":"http:\/\/www.portaldelolleria.es\/index.php?rest_route=\/wp\/v2\/posts\/12928\/revisions\/12934"}],"wp:attachment":[{"href":"http:\/\/www.portaldelolleria.es\/index.php?rest_route=%2Fwp%2Fv2%2Fmedia&parent=12928"}],"wp:term":[{"taxonomy":"category","embeddable":true,"href":"http:\/\/www.portaldelolleria.es\/index.php?rest_route=%2Fwp%2Fv2%2Fcategories&post=12928"},{"taxonomy":"post_tag","embeddable":true,"href":"http:\/\/www.portaldelolleria.es\/index.php?rest_route=%2Fwp%2Fv2%2Ftags&post=12928"}],"curies":[{"name":"wp","href":"https:\/\/api.w.org\/{rel}","templated":true}]}}