{"id":1324,"date":"2012-09-17T10:31:37","date_gmt":"2012-09-17T09:31:37","guid":{"rendered":"http:\/\/www.portaldelolleria.es\/?p=1324"},"modified":"2012-09-19T10:36:34","modified_gmt":"2012-09-19T09:36:34","slug":"se-presentan-las-edm-de-futbol-sala-y-l%e2%80%99olleria-f-s","status":"publish","type":"post","link":"http:\/\/www.portaldelolleria.es\/?p=1324","title":{"rendered":"Se presentan las EDM de Futbol Sala y L\u2019Olleria F. S"},"content":{"rendered":"<p><a href=\"http:\/\/www.portaldelolleria.es\/wp-content\/uploads\/2012\/09\/eemfs.jpg\"><img loading=\"lazy\" class=\"aligncenter size-full wp-image-1325\" title=\"eemfs\" src=\"http:\/\/www.portaldelolleria.es\/wp-content\/uploads\/2012\/09\/eemfs.jpg\" alt=\"\" width=\"598\" height=\"398\" srcset=\"http:\/\/www.portaldelolleria.es\/wp-content\/uploads\/2012\/09\/eemfs.jpg 598w, http:\/\/www.portaldelolleria.es\/wp-content\/uploads\/2012\/09\/eemfs-300x199.jpg 300w\" sizes=\"(max-width: 598px) 100vw, 598px\" \/><\/a><\/p>\n<p>Este pasado s\u00e1bado el pabell\u00f3n de <em>la Solana<\/em> acog\u00eda la presentaci\u00f3n de las Escuelas Deportivas Municipal de Futbol Sala y L\u2019Olleria F.S, un acto deportivo que cont\u00f3 con la presencia del concejal de Deportes, Vicente Oviedo quien daba la bienvenida a los ollerienses que no quisieron perderse la presentaci\u00f3n y destacaba \u201cel importante trabajo que realizan los monitores de las escuelas deportivas as\u00ed como la directiva y el cuerpo t\u00e9cnico de L\u2019Olleria F.S, para mantener al equipo en un buen nivel como es la tercera divisi\u00f3n, categor\u00eda ya bastante complicada\u201d.<\/p>\n<p>Adem\u00e1s, el acto cont\u00f3 con un momento muy emotivo, el de la entrega de un detalle por parte del Ayuntamiento a trav\u00e9s del concejal de Deportes, en reconocimiento a Antonio Grau, Vicepresidente de L\u2019Olleria Futbol Sala, por toda una vida dedicada a este deporte.<\/p>\n<p>En esta jornada de presentaci\u00f3n se pudo disfrutar igualmente de varios encuentros que enfrentaron a diferentes categor\u00edas de las EDM de futbol sala de L\u2019Olleria y el partido entre L\u2019Olleria f.s y el equipo invitado, el Pozo de Murcia quedando\u00a0 4-6 en un partido de un gran nivel y una gran exigencia f\u00edsica. En cuanto al resto de encuentros, el infantil empat\u00f3 1-1 contra el Pozo Murcia de la misma categor\u00eda y el alev\u00edn empat\u00f3 igualmente 4-4 contra\u00a0 el Pozo Murcia benjam\u00edn.<\/p>\n<p>La liga para ellos empieza este fin de semana con un partido dif\u00edcil, su rival uno de los m\u00e1s directos y fuertes de la categor\u00eda, el Mislata f.s., el primer partido que jugar\u00e1n en casa ser\u00e1 ya la semana que viene contra el Cofrentes f.s., concretamente el s\u00e1bado 29 a las 18:00 horas en el pabell\u00f3n <em>la Solana. <\/em><\/p>\n<p>&nbsp;<\/p>\n","protected":false},"excerpt":{"rendered":"<p>Este pasado s\u00e1bado el pabell\u00f3n de la Solana acog\u00eda la presentaci\u00f3n de las Escuelas Deportivas Municipal de Futbol Sala y L\u2019Olleria F.S, un acto deportivo que cont\u00f3 con la presencia del concejal de Deportes, Vicente Oviedo quien daba la bienvenida a los ollerienses que no quisieron perderse la presentaci\u00f3n y destacaba \u201cel importante trabajo que [&hellip;]<\/p>\n","protected":false},"author":2,"featured_media":0,"comment_status":"closed","ping_status":"open","sticky":false,"template":"","format":"standard","meta":{"_monsterinsights_skip_tracking":false,"_monsterinsights_sitenote_active":false,"_monsterinsights_sitenote_note":"","_monsterinsights_sitenote_category":0},"categories":[9,12],"tags":[290,349,31,20,72],"_links":{"self":[{"href":"http:\/\/www.portaldelolleria.es\/index.php?rest_route=\/wp\/v2\/posts\/1324"}],"collection":[{"href":"http:\/\/www.portaldelolleria.es\/index.php?rest_route=\/wp\/v2\/posts"}],"about":[{"href":"http:\/\/www.portaldelolleria.es\/index.php?rest_route=\/wp\/v2\/types\/post"}],"author":[{"embeddable":true,"href":"http:\/\/www.portaldelolleria.es\/index.php?rest_route=\/wp\/v2\/users\/2"}],"replies":[{"embeddable":true,"href":"http:\/\/www.portaldelolleria.es\/index.php?rest_route=%2Fwp%2Fv2%2Fcomments&post=1324"}],"version-history":[{"count":1,"href":"http:\/\/www.portaldelolleria.es\/index.php?rest_route=\/wp\/v2\/posts\/1324\/revisions"}],"predecessor-version":[{"id":1326,"href":"http:\/\/www.portaldelolleria.es\/index.php?rest_route=\/wp\/v2\/posts\/1324\/revisions\/1326"}],"wp:attachment":[{"href":"http:\/\/www.portaldelolleria.es\/index.php?rest_route=%2Fwp%2Fv2%2Fmedia&parent=1324"}],"wp:term":[{"taxonomy":"category","embeddable":true,"href":"http:\/\/www.portaldelolleria.es\/index.php?rest_route=%2Fwp%2Fv2%2Fcategories&post=1324"},{"taxonomy":"post_tag","embeddable":true,"href":"http:\/\/www.portaldelolleria.es\/index.php?rest_route=%2Fwp%2Fv2%2Ftags&post=1324"}],"curies":[{"name":"wp","href":"https:\/\/api.w.org\/{rel}","templated":true}]}}