{"id":1343,"date":"2012-09-23T20:20:26","date_gmt":"2012-09-23T19:20:26","guid":{"rendered":"http:\/\/www.portaldelolleria.es\/?p=1343"},"modified":"2012-09-25T11:43:21","modified_gmt":"2012-09-25T10:43:21","slug":"estela-oltra-y-david-tolsa-platas-en-la-copa-cadete","status":"publish","type":"post","link":"http:\/\/www.portaldelolleria.es\/?p=1343","title":{"rendered":"Estela Oltra y David Tols\u00e1, \u00abplatas\u00bb en la Copa Cadete"},"content":{"rendered":"<p style=\"text-align: center;\"><a href=\"http:\/\/www.portaldelolleria.es\/wp-content\/uploads\/2012\/09\/cadete-olleria1.jpg\"><img loading=\"lazy\" class=\"aligncenter size-full wp-image-1352\" title=\"cadete-olleria\" src=\"http:\/\/www.portaldelolleria.es\/wp-content\/uploads\/2012\/09\/cadete-olleria1.jpg\" alt=\"\" width=\"598\" height=\"398\" srcset=\"http:\/\/www.portaldelolleria.es\/wp-content\/uploads\/2012\/09\/cadete-olleria1.jpg 598w, http:\/\/www.portaldelolleria.es\/wp-content\/uploads\/2012\/09\/cadete-olleria1-300x199.jpg 300w\" sizes=\"(max-width: 598px) 100vw, 598px\" \/><\/a><\/p>\n<p style=\"text-align: center;\">\n<p style=\"text-align: center;\">Los alumnos de la Escuelas Deportivas Municipales de Taekwondo de L&#8217;Olleria volvieron a destacar con su juego el pasado fin de semana. El s\u00e1bado 22 de septiembre en el pabell\u00f3n municipal de Canals se disput\u00f3 la copa cadete, cita deportiva clasificatoria para el Campeonato de Espa\u00f1a. Dos fueron los alumnos que participaron, Estela Oltra y David Tols\u00e1 consiguiendo sendas medallas de plata.<\/p>\n<p style=\"text-align: center;\">\u00a0<span style=\"text-decoration: underline;\"> <span style=\"font-size: medium;\"><strong>COPA \u00a0 CADETE<\/strong><\/span><br \/>\n<\/span><br \/>\n<strong>LUGAR: PABELL\u00d3N MUNICIPAL DE CANALS ( RICARDO TORMO )<\/strong><\/p>\n<p style=\"text-align: center;\">FECHA: 22 DE SEPTIEMBRE DE 2012<\/p>\n<p style=\"text-align: center;\">Clasificatorio para el Campeonato de ESPA\u00d1A CADETE<\/p>\n<p style=\"text-align: center;\">De la Escuela Municipal de Taekwondo de L&#8217;Olleria, participaron 2 alumnos,<br \/>\nobteniendo los siguientes resultados:<\/p>\n<p style=\"text-align: center;\"><strong><span style=\"font-size: medium;\">ESTELA OLTRA:\u00a0\u00a0\u00a0\u00a0\u00a0 MEDALLA DE PLATA<\/span><span style=\"font-size: medium;\"><br \/>\n<\/span><span style=\"font-size: medium;\"><br \/>\n<\/span><span style=\"font-size: medium;\">DAVID TOLS\u00c1:\u00a0\u00a0\u00a0\u00a0\u00a0\u00a0 MEDALLA DE PLATA<\/span><br \/>\n<\/strong><\/p>\n<p style=\"text-align: center;\"><a href=\"http:\/\/www.portaldelolleria.es\/wp-content\/uploads\/2012\/09\/cadete2-olleria.jpg\"><img loading=\"lazy\" class=\"aligncenter size-full wp-image-1347\" title=\"cadete2-olleria\" src=\"http:\/\/www.portaldelolleria.es\/wp-content\/uploads\/2012\/09\/cadete2-olleria.jpg\" alt=\"\" width=\"598\" height=\"398\" srcset=\"http:\/\/www.portaldelolleria.es\/wp-content\/uploads\/2012\/09\/cadete2-olleria.jpg 598w, http:\/\/www.portaldelolleria.es\/wp-content\/uploads\/2012\/09\/cadete2-olleria-300x199.jpg 300w\" sizes=\"(max-width: 598px) 100vw, 598px\" \/><\/a><a href=\"http:\/\/www.portaldelolleria.es\/wp-content\/uploads\/2012\/09\/cadete3-olleria.jpg\"><img loading=\"lazy\" class=\"aligncenter size-full wp-image-1350\" title=\"cadete3-olleria\" src=\"http:\/\/www.portaldelolleria.es\/wp-content\/uploads\/2012\/09\/cadete3-olleria.jpg\" alt=\"\" width=\"598\" height=\"398\" srcset=\"http:\/\/www.portaldelolleria.es\/wp-content\/uploads\/2012\/09\/cadete3-olleria.jpg 598w, http:\/\/www.portaldelolleria.es\/wp-content\/uploads\/2012\/09\/cadete3-olleria-300x199.jpg 300w\" sizes=\"(max-width: 598px) 100vw, 598px\" \/><\/a><\/p>\n","protected":false},"excerpt":{"rendered":"<p>Los alumnos de la Escuelas Deportivas Municipales de Taekwondo de L&#8217;Olleria volvieron a destacar con su juego el pasado fin de semana. El s\u00e1bado 22 de septiembre en el pabell\u00f3n municipal de Canals se disput\u00f3 la copa cadete, cita deportiva clasificatoria para el Campeonato de Espa\u00f1a. Dos fueron los alumnos que participaron, Estela Oltra y [&hellip;]<\/p>\n","protected":false},"author":2,"featured_media":0,"comment_status":"closed","ping_status":"open","sticky":false,"template":"","format":"standard","meta":{"_monsterinsights_skip_tracking":false,"_monsterinsights_sitenote_active":false,"_monsterinsights_sitenote_note":"","_monsterinsights_sitenote_category":0},"categories":[9,12],"tags":[353,103,192,19],"_links":{"self":[{"href":"http:\/\/www.portaldelolleria.es\/index.php?rest_route=\/wp\/v2\/posts\/1343"}],"collection":[{"href":"http:\/\/www.portaldelolleria.es\/index.php?rest_route=\/wp\/v2\/posts"}],"about":[{"href":"http:\/\/www.portaldelolleria.es\/index.php?rest_route=\/wp\/v2\/types\/post"}],"author":[{"embeddable":true,"href":"http:\/\/www.portaldelolleria.es\/index.php?rest_route=\/wp\/v2\/users\/2"}],"replies":[{"embeddable":true,"href":"http:\/\/www.portaldelolleria.es\/index.php?rest_route=%2Fwp%2Fv2%2Fcomments&post=1343"}],"version-history":[{"count":6,"href":"http:\/\/www.portaldelolleria.es\/index.php?rest_route=\/wp\/v2\/posts\/1343\/revisions"}],"predecessor-version":[{"id":1349,"href":"http:\/\/www.portaldelolleria.es\/index.php?rest_route=\/wp\/v2\/posts\/1343\/revisions\/1349"}],"wp:attachment":[{"href":"http:\/\/www.portaldelolleria.es\/index.php?rest_route=%2Fwp%2Fv2%2Fmedia&parent=1343"}],"wp:term":[{"taxonomy":"category","embeddable":true,"href":"http:\/\/www.portaldelolleria.es\/index.php?rest_route=%2Fwp%2Fv2%2Fcategories&post=1343"},{"taxonomy":"post_tag","embeddable":true,"href":"http:\/\/www.portaldelolleria.es\/index.php?rest_route=%2Fwp%2Fv2%2Ftags&post=1343"}],"curies":[{"name":"wp","href":"https:\/\/api.w.org\/{rel}","templated":true}]}}