{"id":1378,"date":"2012-09-26T10:16:16","date_gmt":"2012-09-26T09:16:16","guid":{"rendered":"http:\/\/www.portaldelolleria.es\/?p=1378"},"modified":"2012-09-26T10:16:16","modified_gmt":"2012-09-26T09:16:16","slug":"abierto-el-plazo-de-presentacion-para-el-ix-concurso-francesc-cerda","status":"publish","type":"post","link":"http:\/\/www.portaldelolleria.es\/?p=1378","title":{"rendered":"Abierto el plazo de presentaci\u00f3n  para el IX concurso Francesc Cerd\u00e0"},"content":{"rendered":"<p><strong>Abierto el plazo de presentaci\u00f3n de obras para el IX concurso de m\u00fasica festera Francesc Cerd\u00e0<\/strong><\/p>\n<p><strong>\u00a0<a href=\"http:\/\/www.portaldelolleria.es\/wp-content\/uploads\/2012\/09\/9fc.jpg\"><img loading=\"lazy\" class=\"aligncenter size-full wp-image-1379\" title=\"9fc\" src=\"http:\/\/www.portaldelolleria.es\/wp-content\/uploads\/2012\/09\/9fc.jpg\" alt=\"\" width=\"598\" height=\"398\" srcset=\"http:\/\/www.portaldelolleria.es\/wp-content\/uploads\/2012\/09\/9fc.jpg 598w, http:\/\/www.portaldelolleria.es\/wp-content\/uploads\/2012\/09\/9fc-300x199.jpg 300w\" sizes=\"(max-width: 598px) 100vw, 598px\" \/><\/a><\/strong><\/p>\n<p>&nbsp;<\/p>\n<p>El concurso nacional de m\u00fasica festera Francesc Cerd\u00e0 ya va este a\u00f1o por su novena convocatoria, un concurso que tal y como ha destacado el concejal de Cultura, Jes\u00fas Engo \u201cya est\u00e1 completamente consolidado siendo un concurso con un gran prestigio y reconocimiento\u201d a\u00f1adiendo que \u201ceste a\u00f1o la modalidad de las obras es pasodoble y esperamos superar el n\u00famero de obras presentadas el a\u00f1o pasado que fueron 22 partituras en la modalidad de marcha cristiana\u201d.<\/p>\n<p>Este concurso que est\u00e1 organizado por el Ayuntamiento de L\u2019Olleria junto con la <em>Societat Escola Musical \u201cSanta Cecilia\u201d<\/em> de L\u2019Olleria y la Junta Central de Moros y Cristianos de L\u2019Olleria contempla dos premios, uno que lo otorga el jurado y est\u00e1 valorado con 2.500 euros y otro el p\u00fablico valorado con 500.<\/p>\n<p>Engo ha subrayado \u201cel significado especial de este concurso para el pueblo de L\u2019Olleria puesto que lleva el nombre de nuestro gran compositor e hijo predilecto de L\u2019Olleria, Francesc Cerd\u00e0\u201d.<\/p>\n<p>En cuanto al plazo de presentaci\u00f3n ser\u00e1 hasta el 14 de diciembre estando prevista la celebraci\u00f3n de la final el 23 de febrero de 2013, acto en el que la <em>Banda Societat Escola Musical \u201cSanta Cecilia\u201d<\/em> interpretar\u00e0 las obras finalistas.<\/p>\n<p>Por otro lado, el concejal ha explicado que \u201clas obras deben ser originales del autor que las presenta, in\u00e9ditas y no deben de haber sido interpretadas con anterioridad, valor\u00e1ndose especialmente la originalidad y la idoneidad para poder ser interpretadas en los desfiles festeros\u201d.<\/p>\n<p>Por \u00faltimo, ha recordado que el a\u00f1o pasado el premio del jurado fue Ex-Aequo para las obras Joia con t\u00edtulo definitivo \u201cVolgudes\u201d \u00a0y Organum con t\u00edtulo definitivo \u201cMuna\u201d, de Francisco Valor y David Penad\u00e9s, respectivamente.<\/p>\n<p>M\u00e1s informaci\u00f3n en la p\u00e1gina web del ayuntamiento:<a href=\"http:\/\/www.ajuntamentdelolleria.org\/images\/banners\/documentos\/concurs_f_cerda_12.pdf\" target=\"_blank\"> www.ajuntamentdelolleria.org<\/a><\/p>\n","protected":false},"excerpt":{"rendered":"<p>Abierto el plazo de presentaci\u00f3n de obras para el IX concurso de m\u00fasica festera Francesc Cerd\u00e0 \u00a0 &nbsp; El concurso nacional de m\u00fasica festera Francesc Cerd\u00e0 ya va este a\u00f1o por su novena convocatoria, un concurso que tal y como ha destacado el concejal de Cultura, Jes\u00fas Engo \u201cya est\u00e1 completamente consolidado siendo un concurso [&hellip;]<\/p>\n","protected":false},"author":2,"featured_media":0,"comment_status":"closed","ping_status":"open","sticky":false,"template":"","format":"standard","meta":{"_monsterinsights_skip_tracking":false,"_monsterinsights_sitenote_active":false,"_monsterinsights_sitenote_note":"","_monsterinsights_sitenote_category":0},"categories":[3,12],"tags":[298,359,358,20,270],"_links":{"self":[{"href":"http:\/\/www.portaldelolleria.es\/index.php?rest_route=\/wp\/v2\/posts\/1378"}],"collection":[{"href":"http:\/\/www.portaldelolleria.es\/index.php?rest_route=\/wp\/v2\/posts"}],"about":[{"href":"http:\/\/www.portaldelolleria.es\/index.php?rest_route=\/wp\/v2\/types\/post"}],"author":[{"embeddable":true,"href":"http:\/\/www.portaldelolleria.es\/index.php?rest_route=\/wp\/v2\/users\/2"}],"replies":[{"embeddable":true,"href":"http:\/\/www.portaldelolleria.es\/index.php?rest_route=%2Fwp%2Fv2%2Fcomments&post=1378"}],"version-history":[{"count":2,"href":"http:\/\/www.portaldelolleria.es\/index.php?rest_route=\/wp\/v2\/posts\/1378\/revisions"}],"predecessor-version":[{"id":1381,"href":"http:\/\/www.portaldelolleria.es\/index.php?rest_route=\/wp\/v2\/posts\/1378\/revisions\/1381"}],"wp:attachment":[{"href":"http:\/\/www.portaldelolleria.es\/index.php?rest_route=%2Fwp%2Fv2%2Fmedia&parent=1378"}],"wp:term":[{"taxonomy":"category","embeddable":true,"href":"http:\/\/www.portaldelolleria.es\/index.php?rest_route=%2Fwp%2Fv2%2Fcategories&post=1378"},{"taxonomy":"post_tag","embeddable":true,"href":"http:\/\/www.portaldelolleria.es\/index.php?rest_route=%2Fwp%2Fv2%2Ftags&post=1378"}],"curies":[{"name":"wp","href":"https:\/\/api.w.org\/{rel}","templated":true}]}}