{"id":13785,"date":"2016-06-03T21:47:58","date_gmt":"2016-06-03T19:47:58","guid":{"rendered":"http:\/\/www.portaldelolleria.es\/?p=13785"},"modified":"2016-06-03T21:48:09","modified_gmt":"2016-06-03T19:48:09","slug":"abierto-plazo-de-inscripcion-para-el-curso-de-direccion-musical","status":"publish","type":"post","link":"http:\/\/www.portaldelolleria.es\/?p=13785","title":{"rendered":"Abierto plazo de inscripci\u00f3n para el Curso de Direcci\u00f3n Musical"},"content":{"rendered":"<p><a href=\"http:\/\/www.portaldelolleria.es\/wp-content\/uploads\/2016\/06\/enrique_asensio_olleria2.jpg\"><img loading=\"lazy\" class=\"aligncenter size-full wp-image-13788\" title=\"enrique_asensio_olleria2\" src=\"http:\/\/www.portaldelolleria.es\/wp-content\/uploads\/2016\/06\/enrique_asensio_olleria2.jpg\" alt=\"\" width=\"598\" height=\"398\" srcset=\"http:\/\/www.portaldelolleria.es\/wp-content\/uploads\/2016\/06\/enrique_asensio_olleria2.jpg 598w, http:\/\/www.portaldelolleria.es\/wp-content\/uploads\/2016\/06\/enrique_asensio_olleria2-300x199.jpg 300w\" sizes=\"(max-width: 598px) 100vw, 598px\" \/><\/a><\/p>\n<p><strong>Abierto plazo de inscripci\u00f3n para el Curso de Direcci\u00f3n Musical<\/strong><\/p>\n<p>El Curso de Direcci\u00f3n Musical organizado por \u201cLa Nova de l\u2019Olleria\u201d, llega a su sexta edici\u00f3n.\u00a0\u00a0 Un a\u00f1o m\u00e1s contar\u00e1 con la participaci\u00f3n del prestigioso maestro Enrique Garc\u00eda Asensio. El curso se celebrar\u00e1 entre el 18 y el 23 de julio, y se cerrar\u00e1 con el tradicional concierto de clausura y entrega de diplomas a los participantes.<\/p>\n<p><a href=\"http:\/\/www.portaldelolleria.es\/wp-content\/uploads\/2016\/06\/VI_CIO_2016.pdf\">descargar diptico informativo_2016<\/a><\/p>\n<p><a href=\"http:\/\/www.portaldelolleria.es\/wp-content\/uploads\/2016\/06\/enrique_asensio_olleria.jpg\"><img loading=\"lazy\" class=\"aligncenter size-full wp-image-13787\" title=\"enrique_asensio_olleria\" src=\"http:\/\/www.portaldelolleria.es\/wp-content\/uploads\/2016\/06\/enrique_asensio_olleria.jpg\" alt=\"\" width=\"598\" height=\"870\" srcset=\"http:\/\/www.portaldelolleria.es\/wp-content\/uploads\/2016\/06\/enrique_asensio_olleria.jpg 598w, http:\/\/www.portaldelolleria.es\/wp-content\/uploads\/2016\/06\/enrique_asensio_olleria-206x300.jpg 206w\" sizes=\"(max-width: 598px) 100vw, 598px\" \/><\/a><\/p>\n","protected":false},"excerpt":{"rendered":"<p>Abierto plazo de inscripci\u00f3n para el Curso de Direcci\u00f3n Musical El Curso de Direcci\u00f3n Musical organizado por \u201cLa Nova de l\u2019Olleria\u201d, llega a su sexta edici\u00f3n.\u00a0\u00a0 Un a\u00f1o m\u00e1s contar\u00e1 con la participaci\u00f3n del prestigioso maestro Enrique Garc\u00eda Asensio. El curso se celebrar\u00e1 entre el 18 y el 23 de julio, y se cerrar\u00e1 con [&hellip;]<\/p>\n","protected":false},"author":1,"featured_media":0,"comment_status":"closed","ping_status":"open","sticky":false,"template":"","format":"standard","meta":{"_monsterinsights_skip_tracking":false,"_monsterinsights_sitenote_active":false,"_monsterinsights_sitenote_note":"","_monsterinsights_sitenote_category":0},"categories":[11,12],"tags":[],"_links":{"self":[{"href":"http:\/\/www.portaldelolleria.es\/index.php?rest_route=\/wp\/v2\/posts\/13785"}],"collection":[{"href":"http:\/\/www.portaldelolleria.es\/index.php?rest_route=\/wp\/v2\/posts"}],"about":[{"href":"http:\/\/www.portaldelolleria.es\/index.php?rest_route=\/wp\/v2\/types\/post"}],"author":[{"embeddable":true,"href":"http:\/\/www.portaldelolleria.es\/index.php?rest_route=\/wp\/v2\/users\/1"}],"replies":[{"embeddable":true,"href":"http:\/\/www.portaldelolleria.es\/index.php?rest_route=%2Fwp%2Fv2%2Fcomments&post=13785"}],"version-history":[{"count":2,"href":"http:\/\/www.portaldelolleria.es\/index.php?rest_route=\/wp\/v2\/posts\/13785\/revisions"}],"predecessor-version":[{"id":13790,"href":"http:\/\/www.portaldelolleria.es\/index.php?rest_route=\/wp\/v2\/posts\/13785\/revisions\/13790"}],"wp:attachment":[{"href":"http:\/\/www.portaldelolleria.es\/index.php?rest_route=%2Fwp%2Fv2%2Fmedia&parent=13785"}],"wp:term":[{"taxonomy":"category","embeddable":true,"href":"http:\/\/www.portaldelolleria.es\/index.php?rest_route=%2Fwp%2Fv2%2Fcategories&post=13785"},{"taxonomy":"post_tag","embeddable":true,"href":"http:\/\/www.portaldelolleria.es\/index.php?rest_route=%2Fwp%2Fv2%2Ftags&post=13785"}],"curies":[{"name":"wp","href":"https:\/\/api.w.org\/{rel}","templated":true}]}}