{"id":13955,"date":"2016-06-20T13:49:30","date_gmt":"2016-06-20T11:49:30","guid":{"rendered":"http:\/\/www.portaldelolleria.es\/?p=13955"},"modified":"2016-06-20T13:49:52","modified_gmt":"2016-06-20T11:49:52","slug":"presentacion-de-la-agencia-valenciana-de-la-innovacion","status":"publish","type":"post","link":"http:\/\/www.portaldelolleria.es\/?p=13955","title":{"rendered":"UPV Campus Alcoi: Presentaci\u00f3n de la Agencia Valenciana de la Innovaci\u00f3n"},"content":{"rendered":"<p><a href=\"http:\/\/www.portaldelolleria.es\/wp-content\/uploads\/2016\/06\/difutec.jpg\"><img loading=\"lazy\" class=\"aligncenter size-full wp-image-13957\" title=\"difutec\" src=\"http:\/\/www.portaldelolleria.es\/wp-content\/uploads\/2016\/06\/difutec.jpg\" alt=\"\" width=\"598\" height=\"385\" srcset=\"http:\/\/www.portaldelolleria.es\/wp-content\/uploads\/2016\/06\/difutec.jpg 598w, http:\/\/www.portaldelolleria.es\/wp-content\/uploads\/2016\/06\/difutec-300x193.jpg 300w\" sizes=\"(max-width: 598px) 100vw, 598px\" \/><\/a><\/p>\n<p style=\"text-align: justify;\">XXXIX CONFERENCIA DIFUTEC: INNOVACI\u00d3N EN EL TERRITORIO: LA AGENCIA VALENCIANA DE LA INNOVACI\u00d3N en el Campus de Alcoi de la Universidad Polit\u00e9cnica de Valencia en horario de 12:00 a 14:00 horas.<\/p>\n<p style=\"text-align: justify;\"><strong>El pr\u00f3ximo 24 de junio, tendr\u00e1 lugar la Conferencia Difutec titulada: \u201cInnovaci\u00f3n en el territorio: La Agencia Valenciana de la Innovaci\u00f3n\u201d<\/strong><\/p>\n<p style=\"text-align: justify;\">El sal\u00f3n de Grados Roberto Garc\u00eda Pay\u00e1 acoger\u00e1 el pr\u00f3ximo viernes, 24 de junio a partir de las 12.00h. la XXXIX Conferencia Difutec \u201cInnovaci\u00f3n en el Territorio: La Agencia Valenciana de la Innovaci\u00f3n\u201d.<\/p>\n<p style=\"text-align: justify;\">En ella se presentar\u00e1n el M\u00e1ster en Innovaci\u00f3n e Internacionalizaci\u00f3n que se impartir\u00e1 en el campus d\u2019Alcoi de la Universitat Polit\u00e8cnica de Val\u00e8ncia, a cargo de su coordinadora Do\u00f1a Ana Mar\u00eda Garc\u00eda.<\/p>\n<p style=\"text-align: justify;\">Tambi\u00e9n intervendr\u00e1 Don \u00c1lvaro Soler, consejero delegado de Multiscan Technoligies con la ponencia \u201cComo innovar en la empresa: La experiencia de Multiscan Technoligies\u201d. Finalizando Don Andr\u00e9s Garc\u00eda Reche, Vicepresidente ejecutivo del Consell Valenci\u00e0 de la Innovaci\u00f3, quien realizar\u00e1 la presentaci\u00f3n de la Agencia Valenciana de la Innovaci\u00f3n.<\/p>\n<p style=\"text-align: justify;\">La jornada ser\u00e1 presentada por Don Juan Ignacio Torregrosa, Director del Campus d\u2019Alcoi de la UPV y por Don Manuel Gomicia, Concejal de Empresa, Innovaci\u00f3n y Formaci\u00f3n del Excmo. Ayuntamiento de Alcoy.<\/p>\n<p style=\"text-align: justify;\">Y est\u00e1 orientada a estudiantes, emprendedores o empresas interesados en conocer nuevas herramientas e instituciones que apoyen la innovaci\u00f3n con el fin de dotar de mayor competitividad a las empresas valencianas.<\/p>\n<p style=\"text-align: justify;\">Las inscripciones se podr\u00e1n realizar en la web del campus <a href=\"http:\/\/www.alcoi.upv.es\">www.alcoi.upv.es<\/a><\/p>\n<p style=\"text-align: justify;\"><a href=\"http:\/\/www.portaldelolleria.es\/wp-content\/uploads\/2016\/06\/AGENDA-XXXIX-CONFERENCIA-DIFUTEC.pdf\">AGENDA XXXIX CONFERENCIA DIFUTEC<\/a><\/p>\n<p style=\"text-align: justify;\"><strong>XXXIX Conferencia DIFUTEC:<br \/>\n<span style=\"color: #006699;\">INNOVACI\u00d3N EN EL TERRITORIO: LA AGENCIA VALENCIANA DE LA INNOVACI\u00d3N<\/span><\/strong><\/p>\n<table border=\"0\" cellspacing=\"0\" cellpadding=\"0\">\n<tbody>\n<tr>\n<td><\/td>\n<\/tr>\n<tr>\n<td><\/td>\n<\/tr>\n<tr>\n<td>Viernes 24 de junio de 2016, de 12:00h a 14:00h en el Sal\u00f3n de Grados &#8216;Roberto Garc\u00eda Pay\u00e1&#8217; del Edificio Carbonell (4\u00aa planta)<\/td>\n<\/tr>\n<tr>\n<td><a href=\"mailto:lupebla@upvnet.upv.es\">Incripci\u00f3n on-line<\/a><\/td>\n<\/tr>\n<tr>\n<td>Programa de la Conferencia\u00a0<img loading=\"lazy\" src=\"http:\/\/www.epsa.upv.es\/images\/pdf2.gif\" alt=\"\" width=\"24\" height=\"10\" \/><\/td>\n<\/tr>\n<\/tbody>\n<\/table>\n","protected":false},"excerpt":{"rendered":"<p>XXXIX CONFERENCIA DIFUTEC: INNOVACI\u00d3N EN EL TERRITORIO: LA AGENCIA VALENCIANA DE LA INNOVACI\u00d3N en el Campus de Alcoi de la Universidad Polit\u00e9cnica de Valencia en horario de 12:00 a 14:00 horas. El pr\u00f3ximo 24 de junio, tendr\u00e1 lugar la Conferencia Difutec titulada: \u201cInnovaci\u00f3n en el territorio: La Agencia Valenciana de la Innovaci\u00f3n\u201d El sal\u00f3n de [&hellip;]<\/p>\n","protected":false},"author":1,"featured_media":0,"comment_status":"closed","ping_status":"open","sticky":false,"template":"","format":"standard","meta":{"_monsterinsights_skip_tracking":false,"_monsterinsights_sitenote_active":false,"_monsterinsights_sitenote_note":"","_monsterinsights_sitenote_category":0},"categories":[12,1058],"tags":[],"_links":{"self":[{"href":"http:\/\/www.portaldelolleria.es\/index.php?rest_route=\/wp\/v2\/posts\/13955"}],"collection":[{"href":"http:\/\/www.portaldelolleria.es\/index.php?rest_route=\/wp\/v2\/posts"}],"about":[{"href":"http:\/\/www.portaldelolleria.es\/index.php?rest_route=\/wp\/v2\/types\/post"}],"author":[{"embeddable":true,"href":"http:\/\/www.portaldelolleria.es\/index.php?rest_route=\/wp\/v2\/users\/1"}],"replies":[{"embeddable":true,"href":"http:\/\/www.portaldelolleria.es\/index.php?rest_route=%2Fwp%2Fv2%2Fcomments&post=13955"}],"version-history":[{"count":2,"href":"http:\/\/www.portaldelolleria.es\/index.php?rest_route=\/wp\/v2\/posts\/13955\/revisions"}],"predecessor-version":[{"id":13959,"href":"http:\/\/www.portaldelolleria.es\/index.php?rest_route=\/wp\/v2\/posts\/13955\/revisions\/13959"}],"wp:attachment":[{"href":"http:\/\/www.portaldelolleria.es\/index.php?rest_route=%2Fwp%2Fv2%2Fmedia&parent=13955"}],"wp:term":[{"taxonomy":"category","embeddable":true,"href":"http:\/\/www.portaldelolleria.es\/index.php?rest_route=%2Fwp%2Fv2%2Fcategories&post=13955"},{"taxonomy":"post_tag","embeddable":true,"href":"http:\/\/www.portaldelolleria.es\/index.php?rest_route=%2Fwp%2Fv2%2Ftags&post=13955"}],"curies":[{"name":"wp","href":"https:\/\/api.w.org\/{rel}","templated":true}]}}