{"id":13992,"date":"2016-06-22T09:55:42","date_gmt":"2016-06-22T07:55:42","guid":{"rendered":"http:\/\/www.portaldelolleria.es\/?p=13992"},"modified":"2016-06-23T19:58:07","modified_gmt":"2016-06-23T17:58:07","slug":"taller-gratuito-de-cooperativas-y-sociedades-laborales","status":"publish","type":"post","link":"http:\/\/www.portaldelolleria.es\/?p=13992","title":{"rendered":"Taller gratuito: Cooperativas y Sociedades Laborales"},"content":{"rendered":"<p><a href=\"http:\/\/www.portaldelolleria.es\/wp-content\/uploads\/2016\/06\/mosquit-tigre-5.jpg\"><img loading=\"lazy\" class=\"aligncenter size-full wp-image-13993\" title=\"mosquit-tigre-5\" src=\"http:\/\/www.portaldelolleria.es\/wp-content\/uploads\/2016\/06\/mosquit-tigre-5.jpg\" alt=\"\" width=\"600\" height=\"415\" srcset=\"http:\/\/www.portaldelolleria.es\/wp-content\/uploads\/2016\/06\/mosquit-tigre-5.jpg 600w, http:\/\/www.portaldelolleria.es\/wp-content\/uploads\/2016\/06\/mosquit-tigre-5-300x207.jpg 300w\" sizes=\"(max-width: 600px) 100vw, 600px\" \/><\/a><\/p>\n<p>Ma\u00f1ana viernes 24 de junio, de 10: 30h. hasta las 12:00 h. en el Espacio Ideo-Start UPV (C \/ S.S. Juan XXIII, n\u00ba25 bajo), se celebrar\u00e1 una jornada formativa gratuita<\/p>\n<div>\n<div>\n<p>COOPERATIVAS Y SOCIEDADES LABORALES<\/p>\n<p>Es una forma jur\u00eddica poco conocida y con grandes ventajas fiscales y de subvenciones.<\/p>\n<p>Si est\u00e1s pensando en emprender, o en cambiar tu forma jur\u00eddica porque est\u00e1s como aut\u00f3nomo, o est\u00e1s en tr\u00e1mite de disolver tu sociedad civil, ven a conocer las ventajas y desventajas de esta forma jur\u00eddica de Econom\u00eda Social.<\/p>\n<hr \/>\n<p>&nbsp;<\/p>\n<p>Iniciativa gratuita de car\u00e1cter privado, en colaboraci\u00f3n con el Ayuntamiento de l&#8217;Oller\u00eda.<\/p>\n<p>Desayunos Formativos se trata de una\u00a0<em>iniciativa gratuita, de car\u00e1cter privado<\/em>, con la cooperaci\u00f3n de 3 profesionales independientes, dedicados al mundo del asesoramiento y consultor\u00eda empresarial. Colabora adem\u00e1s el Ayuntamiento de l\u2019Oller\u00eda y el espacio de coworking espai iDeo-Start UPV.<\/p>\n<p>Se han planificado\u00a06 jornadas, de mayo hasta diciembre de 2016, establecido en\u00a0viernes de 10:30 a 12:00, donde se hablar\u00e1 sobre\u00a0<em>\u201cPensamiento Estrat\u00e9gico\u201d<\/em>, tan necesario pero tan poco utilizado, se trata de planificar hacia el futuro, dejar por un momento las tareas rutinarias del d\u00eda a d\u00eda y ver con perspectiva d\u00f3nde se quiere llegar, para adecuar las acciones diarias hacia la consecuci\u00f3n de objetivos a medio y largo plazo.<\/p>\n<p>La\u00a0finalidad\u00a0de los mismo es ayudar a la mejora del desarrollo personal y profesional.<\/p>\n<p>Se trabajar\u00e1 facilitando herramientas y pautas de comportamiento en el mundo digital, aplicables al d\u00eda a d\u00eda.<\/p>\n<p>Son unos talleres muy pr\u00e1cticos, dirigidos a las necesidades de los asistentes y aplicables a la realidad empresarial actual.<\/p>\n<p>&nbsp;<\/p>\n<p><a href=\"https:\/\/www.eventbrite.com\/e\/cooperativas-y-sociedades-laborales-tickets-26114848214?aff=efbevent\" target=\"_blank\">Link per a la inscripcions<\/a><\/p>\n<p>&nbsp;<\/p>\n<\/div>\n<\/div>\n","protected":false},"excerpt":{"rendered":"<p>Ma\u00f1ana viernes 24 de junio, de 10: 30h. hasta las 12:00 h. en el Espacio Ideo-Start UPV (C \/ S.S. Juan XXIII, n\u00ba25 bajo), se celebrar\u00e1 una jornada formativa gratuita COOPERATIVAS Y SOCIEDADES LABORALES Es una forma jur\u00eddica poco conocida y con grandes ventajas fiscales y de subvenciones. Si est\u00e1s pensando en emprender, o en [&hellip;]<\/p>\n","protected":false},"author":1,"featured_media":0,"comment_status":"closed","ping_status":"open","sticky":false,"template":"","format":"standard","meta":{"_monsterinsights_skip_tracking":false,"_monsterinsights_sitenote_active":false,"_monsterinsights_sitenote_note":"","_monsterinsights_sitenote_category":0},"categories":[11,12],"tags":[],"_links":{"self":[{"href":"http:\/\/www.portaldelolleria.es\/index.php?rest_route=\/wp\/v2\/posts\/13992"}],"collection":[{"href":"http:\/\/www.portaldelolleria.es\/index.php?rest_route=\/wp\/v2\/posts"}],"about":[{"href":"http:\/\/www.portaldelolleria.es\/index.php?rest_route=\/wp\/v2\/types\/post"}],"author":[{"embeddable":true,"href":"http:\/\/www.portaldelolleria.es\/index.php?rest_route=\/wp\/v2\/users\/1"}],"replies":[{"embeddable":true,"href":"http:\/\/www.portaldelolleria.es\/index.php?rest_route=%2Fwp%2Fv2%2Fcomments&post=13992"}],"version-history":[{"count":3,"href":"http:\/\/www.portaldelolleria.es\/index.php?rest_route=\/wp\/v2\/posts\/13992\/revisions"}],"predecessor-version":[{"id":13996,"href":"http:\/\/www.portaldelolleria.es\/index.php?rest_route=\/wp\/v2\/posts\/13992\/revisions\/13996"}],"wp:attachment":[{"href":"http:\/\/www.portaldelolleria.es\/index.php?rest_route=%2Fwp%2Fv2%2Fmedia&parent=13992"}],"wp:term":[{"taxonomy":"category","embeddable":true,"href":"http:\/\/www.portaldelolleria.es\/index.php?rest_route=%2Fwp%2Fv2%2Fcategories&post=13992"},{"taxonomy":"post_tag","embeddable":true,"href":"http:\/\/www.portaldelolleria.es\/index.php?rest_route=%2Fwp%2Fv2%2Ftags&post=13992"}],"curies":[{"name":"wp","href":"https:\/\/api.w.org\/{rel}","templated":true}]}}