{"id":13998,"date":"2016-06-24T11:51:39","date_gmt":"2016-06-24T09:51:39","guid":{"rendered":"http:\/\/www.portaldelolleria.es\/?p=13998"},"modified":"2016-06-24T11:51:39","modified_gmt":"2016-06-24T09:51:39","slug":"periodo-de-matriculacion-para-la-universidad-senior","status":"publish","type":"post","link":"http:\/\/www.portaldelolleria.es\/?p=13998","title":{"rendered":"Periodo de Matriculaci\u00f3n para la Universidad Senior"},"content":{"rendered":"<p><a href=\"http:\/\/www.portaldelolleria.es\/wp-content\/uploads\/2016\/06\/P9244617.jpg\"><img loading=\"lazy\" class=\"aligncenter size-full wp-image-14001\" title=\"OLYMPUS DIGITAL CAMERA\" src=\"http:\/\/www.portaldelolleria.es\/wp-content\/uploads\/2016\/06\/P9244617.jpg\" alt=\"\" width=\"598\" height=\"383\" srcset=\"http:\/\/www.portaldelolleria.es\/wp-content\/uploads\/2016\/06\/P9244617.jpg 598w, http:\/\/www.portaldelolleria.es\/wp-content\/uploads\/2016\/06\/P9244617-300x192.jpg 300w\" sizes=\"(max-width: 598px) 100vw, 598px\" \/><\/a><\/p>\n<p>&nbsp;<\/p>\n<p><strong>El plazo de matriculaci\u00f3n para el pr\u00f3ximo curso acad\u00e9mico 2016-2017, comenzar\u00e1 el 7 julio hasta el 26 del mismo mes.<\/strong><\/p>\n<p>El periodo de matriculaci\u00f3n para acceder al curso 2016-2017 de la Universidad Senior del Campus d\u2019Alcoi de la Universitat Polit\u00e8cnica de Val\u00e8ncia (UPV), finaliza el pr\u00f3ximo 26 de julio. Las matriculas se podr\u00e1n formalizar los jueves 7, 14, 21 o 28 de julio o los martes 12, 19 o 26 de julio de 10 a 13h al despacho C3DB12 de la 4\u00aa planta del edificio Carbonell.<\/p>\n<p>El \u00c1rea de Universidad S\u00e9nior est\u00e1 integrada en el Vicerrectorado de Responsabilidad Social y Cooperaci\u00f3n y se encarga de gestionar el programa para mayores de 55 a\u00f1os que pretende acercar la Universidad a las personas que mantienen el entusiasmo por seguir aprendiendo. Cuenta con la colaboraci\u00f3n de la Generalitat Valenciana, a trav\u00e9s de la Conselleria de Educaci\u00f3n, Cultura y Deporte.<\/p>\n<p>La Universidad Senior es el programa universitario para mayores de 55 a\u00f1os de la Universitat Polit\u00e8cnica de Val\u00e8ncia.<\/p>\n<p>Con el estilo propio que caracteriza a nuestra Universidad, el programa se dirige fundamentalmente a quienes no han tenido oportunidad de participar de la vida universitaria.<\/p>\n<p>Desarrolla sus actividades dentro del convenio suscrito con la Generalitat Valenciana denominado \u00abAulas de la Experiencia\u00bb.<\/p>\n<p>Su car\u00e1cter es divulgativo y cultural, de modo que se procura presentar un amplio muestrario de cultura universitaria en todas sus facetas, sin olvidar los aspectos sociales.<\/p>\n<p>La Universidad Senior como tal, est\u00e1 programada para realizar un curso espec\u00edfico, pero al terminar \u00e9ste los alumnos pueden continuar en la disciplina universitaria asistiendo a una serie de cursos monogr\u00e1ficos.<\/p>\n<p><a href=\"http:\/\/www.portaldelolleria.es\/wp-content\/uploads\/2016\/06\/PROGRAMA-PRIMER-CURSO-SENIOR-2016-2017-ALCOY-1.doc\">PROGRAMA PRIMER CURSO SENIOR 2016-2017 ALCOY (1)<\/a><\/p>\n<p><a href=\"http:\/\/www.portaldelolleria.es\/wp-content\/uploads\/2016\/06\/PROGRAMA-SEGUNDO-CURSO-SENIOR-2016-2017-ALCOY.doc\">PROGRAMA SEGUNDO CURSO SENIOR 2016-2017 ALCOY<\/a><\/p>\n<p>&nbsp;<\/p>\n","protected":false},"excerpt":{"rendered":"<p>&nbsp; El plazo de matriculaci\u00f3n para el pr\u00f3ximo curso acad\u00e9mico 2016-2017, comenzar\u00e1 el 7 julio hasta el 26 del mismo mes. El periodo de matriculaci\u00f3n para acceder al curso 2016-2017 de la Universidad Senior del Campus d\u2019Alcoi de la Universitat Polit\u00e8cnica de Val\u00e8ncia (UPV), finaliza el pr\u00f3ximo 26 de julio. Las matriculas se podr\u00e1n formalizar [&hellip;]<\/p>\n","protected":false},"author":1,"featured_media":0,"comment_status":"closed","ping_status":"open","sticky":false,"template":"","format":"standard","meta":{"_monsterinsights_skip_tracking":false,"_monsterinsights_sitenote_active":false,"_monsterinsights_sitenote_note":"","_monsterinsights_sitenote_category":0},"categories":[12,1058],"tags":[],"_links":{"self":[{"href":"http:\/\/www.portaldelolleria.es\/index.php?rest_route=\/wp\/v2\/posts\/13998"}],"collection":[{"href":"http:\/\/www.portaldelolleria.es\/index.php?rest_route=\/wp\/v2\/posts"}],"about":[{"href":"http:\/\/www.portaldelolleria.es\/index.php?rest_route=\/wp\/v2\/types\/post"}],"author":[{"embeddable":true,"href":"http:\/\/www.portaldelolleria.es\/index.php?rest_route=\/wp\/v2\/users\/1"}],"replies":[{"embeddable":true,"href":"http:\/\/www.portaldelolleria.es\/index.php?rest_route=%2Fwp%2Fv2%2Fcomments&post=13998"}],"version-history":[{"count":1,"href":"http:\/\/www.portaldelolleria.es\/index.php?rest_route=\/wp\/v2\/posts\/13998\/revisions"}],"predecessor-version":[{"id":14002,"href":"http:\/\/www.portaldelolleria.es\/index.php?rest_route=\/wp\/v2\/posts\/13998\/revisions\/14002"}],"wp:attachment":[{"href":"http:\/\/www.portaldelolleria.es\/index.php?rest_route=%2Fwp%2Fv2%2Fmedia&parent=13998"}],"wp:term":[{"taxonomy":"category","embeddable":true,"href":"http:\/\/www.portaldelolleria.es\/index.php?rest_route=%2Fwp%2Fv2%2Fcategories&post=13998"},{"taxonomy":"post_tag","embeddable":true,"href":"http:\/\/www.portaldelolleria.es\/index.php?rest_route=%2Fwp%2Fv2%2Ftags&post=13998"}],"curies":[{"name":"wp","href":"https:\/\/api.w.org\/{rel}","templated":true}]}}