{"id":14098,"date":"2016-07-06T08:25:52","date_gmt":"2016-07-06T06:25:52","guid":{"rendered":"http:\/\/www.portaldelolleria.es\/?p=14098"},"modified":"2016-07-06T08:25:52","modified_gmt":"2016-07-06T06:25:52","slug":"13-jovenes-empiezan-la-beca-de-la-dipu-en-el-ayuntamiento","status":"publish","type":"post","link":"http:\/\/www.portaldelolleria.es\/?p=14098","title":{"rendered":"13 j\u00f3venes empiezan la beca de \u00abLa Dipu\u00bb en el Ayuntamiento"},"content":{"rendered":"<p><a href=\"http:\/\/www.portaldelolleria.es\/wp-content\/uploads\/2016\/07\/becarios2016.jpg\"><img loading=\"lazy\" class=\"aligncenter size-full wp-image-14099\" title=\"becarios2016\" src=\"http:\/\/www.portaldelolleria.es\/wp-content\/uploads\/2016\/07\/becarios2016.jpg\" alt=\"\" width=\"598\" height=\"398\" srcset=\"http:\/\/www.portaldelolleria.es\/wp-content\/uploads\/2016\/07\/becarios2016.jpg 598w, http:\/\/www.portaldelolleria.es\/wp-content\/uploads\/2016\/07\/becarios2016-300x199.jpg 300w\" sizes=\"(max-width: 598px) 100vw, 598px\" \/><\/a><em><span style=\"color: #888888;\">Ajuntament de l&#8217;Olleria, 6 de julio de 2016<\/span><\/em><\/p>\n<div>\n<div id=\"response\">\n<p>Los 13 j\u00f3venes que han conseguido una de las becas que ha ofrecido el Ayuntamiento de l&#8217;Olleria dentro del programa <strong>La Dipu te beca<\/strong> han empezado a trabajar esta semana en las diferentes dependencias municipales.<\/p>\n<p>El ayuntamiento ofreci\u00f3 7 becas que finalmente ocupar\u00e1n los 13 j\u00f3venes de l&#8217;Olleria que han obtenido una mayor puntuaci\u00f3n, en el proceso de selecci\u00f3n creado para tal efecto.\u00a0<em>&#8216;Las becas, un a\u00f1o m\u00e1s tuvieron muy buena acogida, se presentaron cerca de 50 j\u00f3venes. Ante esto, pensamos que lo mejor era intentar favorecer al mayor n\u00famero de chavales posible, y decimos que adjudicar\u00edamos cada beca a dos j\u00f3venes, uno en julio y otro en agosto, salvo la de Bienestar Social que por sus caracter\u00edsticas era m\u00e1s recomendable que hubiera una \u00fanica persona los dos meses&#8217;<\/em>\u00a0explica Vicent Albi\u00f1ana, regidor de Promoci\u00f3n econ\u00f3mica.<\/p>\n<p>Los j\u00f3venes se encargar\u00e1n de realizar diferentes actividades dentro de las tareas cotidianas del consistorio seg\u00fan su cualificaci\u00f3n y el departamento a qu\u00e9 hayan sido asignados como, por ejemplo: administraci\u00f3n general, bienestar social, cultura y turismo, educaci\u00f3n y servicios municipales.<\/p>\n<p>El alcalde de l&#8217;Olleria, Juli\u00e0 Engo los dio ayer la bienvenida en el Ayuntamiento, les agradeci\u00f3 de antemano su trabajo y les anim\u00f3 a aprovechar el tiempo que est\u00e9n al consistorio para aprender de este primer contacto con el mundo laboral.<\/p>\n<\/div>\n<\/div>\n","protected":false},"excerpt":{"rendered":"<p>Ajuntament de l&#8217;Olleria, 6 de julio de 2016 Los 13 j\u00f3venes que han conseguido una de las becas que ha ofrecido el Ayuntamiento de l&#8217;Olleria dentro del programa La Dipu te beca han empezado a trabajar esta semana en las diferentes dependencias municipales. El ayuntamiento ofreci\u00f3 7 becas que finalmente ocupar\u00e1n los 13 j\u00f3venes de [&hellip;]<\/p>\n","protected":false},"author":1,"featured_media":0,"comment_status":"closed","ping_status":"open","sticky":false,"template":"","format":"standard","meta":{"_monsterinsights_skip_tracking":false,"_monsterinsights_sitenote_active":false,"_monsterinsights_sitenote_note":"","_monsterinsights_sitenote_category":0},"categories":[11,12],"tags":[],"_links":{"self":[{"href":"http:\/\/www.portaldelolleria.es\/index.php?rest_route=\/wp\/v2\/posts\/14098"}],"collection":[{"href":"http:\/\/www.portaldelolleria.es\/index.php?rest_route=\/wp\/v2\/posts"}],"about":[{"href":"http:\/\/www.portaldelolleria.es\/index.php?rest_route=\/wp\/v2\/types\/post"}],"author":[{"embeddable":true,"href":"http:\/\/www.portaldelolleria.es\/index.php?rest_route=\/wp\/v2\/users\/1"}],"replies":[{"embeddable":true,"href":"http:\/\/www.portaldelolleria.es\/index.php?rest_route=%2Fwp%2Fv2%2Fcomments&post=14098"}],"version-history":[{"count":1,"href":"http:\/\/www.portaldelolleria.es\/index.php?rest_route=\/wp\/v2\/posts\/14098\/revisions"}],"predecessor-version":[{"id":14100,"href":"http:\/\/www.portaldelolleria.es\/index.php?rest_route=\/wp\/v2\/posts\/14098\/revisions\/14100"}],"wp:attachment":[{"href":"http:\/\/www.portaldelolleria.es\/index.php?rest_route=%2Fwp%2Fv2%2Fmedia&parent=14098"}],"wp:term":[{"taxonomy":"category","embeddable":true,"href":"http:\/\/www.portaldelolleria.es\/index.php?rest_route=%2Fwp%2Fv2%2Fcategories&post=14098"},{"taxonomy":"post_tag","embeddable":true,"href":"http:\/\/www.portaldelolleria.es\/index.php?rest_route=%2Fwp%2Fv2%2Ftags&post=14098"}],"curies":[{"name":"wp","href":"https:\/\/api.w.org\/{rel}","templated":true}]}}