{"id":14156,"date":"2016-07-13T11:06:16","date_gmt":"2016-07-13T09:06:16","guid":{"rendered":"http:\/\/www.portaldelolleria.es\/?p=14156"},"modified":"2016-07-13T11:12:43","modified_gmt":"2016-07-13T09:12:43","slug":"clausurada-la-primera-edicion-del-master-de-industria-cosmetica","status":"publish","type":"post","link":"http:\/\/www.portaldelolleria.es\/?p=14156","title":{"rendered":"Clausurada la primera edici\u00f3n del M\u00e1ster de Industria Cosm\u00e9tica"},"content":{"rendered":"<p><a href=\"http:\/\/www.portaldelolleria.es\/wp-content\/uploads\/2016\/07\/Alumnos-3.jpg\"><img loading=\"lazy\" class=\"aligncenter size-full wp-image-14157\" title=\"Alumnos 3\" src=\"http:\/\/www.portaldelolleria.es\/wp-content\/uploads\/2016\/07\/Alumnos-3.jpg\" alt=\"\" width=\"598\" height=\"374\" srcset=\"http:\/\/www.portaldelolleria.es\/wp-content\/uploads\/2016\/07\/Alumnos-3.jpg 598w, http:\/\/www.portaldelolleria.es\/wp-content\/uploads\/2016\/07\/Alumnos-3-300x187.jpg 300w\" sizes=\"(max-width: 598px) 100vw, 598px\" \/><\/a><\/p>\n<p><em><span style=\"color: #888888;\">UPV Campus de Alcoi, 13 de julio de 2016<\/span><\/em><\/p>\n<ul>\n<li><strong>Hace unos d\u00edas tuvo lugar la clausura oficial del M\u00c1STER EN LA INDUSTRIA COSM\u00c9TICA. Dise\u00f1o, producci\u00f3n y comercializaci\u00f3n de productos cosm\u00e9ticos y Cosmec\u00e9uticos (MIC).<\/strong><\/li>\n<\/ul>\n<p>&nbsp;<\/p>\n<p style=\"text-align: justify;\">El pasado 1 de julio\u00a0 se realiz\u00f3 la clausura oficial correspondiente a la primera edici\u00f3n del M\u00e1ster en la Industria Cosm\u00e9tica,\u00a0 dise\u00f1o, producci\u00f3n y comercializaci\u00f3n de productos cosm\u00e9ticos y cosmec\u00e9uticos (MIC),<\/p>\n<p style=\"text-align: justify;\">El acto fue presidido por Ana M\u00aa Amat Pay\u00e1, profesora de dicho M\u00e1ster y miembro de la Comisi\u00f3n Acad\u00e9mica del t\u00edtulo. Adem\u00e1s cont\u00f3 con la presencia de Jos\u00e9 Antonio Pic\u00f3, Director t\u00e9cnico de Korott S.L, empresa colaboradora, como representante de profesores y empresas que participan en el M\u00e1ster y con Lorena Samper en representaci\u00f3n de los alumnos de esta primera promoci\u00f3n.<\/p>\n<p style=\"text-align: justify;\">Los alumnos graduados estuvieron acompa\u00f1ados por algunos de sus 47 profesores (29 representantes de empresas colaboradoras y organismos p\u00fablicos, en los que ahora se encuentran realizando las pr\u00e1cticas y 18 profesores de universidad).\u00a0 Al finalizar el acto se realiz\u00f3 un Vino de Honor con todos los asistentes.<\/p>\n<p style=\"text-align: justify;\">La Universitat Polit\u00e8cnica de Val\u00e8ncia ofrece la segunda edici\u00f3n del Master en Industria Cosm\u00e9tica, con 20 plazas disponibles. El plazo de preinscripci\u00f3n se encuentra abierto desde el d\u00eda 20 de junio hasta el d\u00eda 31 de julio.<\/p>\n<p style=\"text-align: justify;\">\u00a0El curso tendr\u00e1 comienzo el 15 de septiembre, con un acto de apertura, y las clases se impartir\u00e1n los viernes y s\u00e1bados con horario de 15:30h-21:30h y 8:00h-14:00h, respectivamente.<\/p>\n<p style=\"text-align: justify;\">Los alumnos tendr\u00e1n la posibilidad de realizar Pr\u00e1cticas de Empresa durante el curso en alguna de las empresas colaboradoras con el master.<\/p>\n<p style=\"text-align: justify;\">El MIC est\u00e1 orientado a ingenieros o graduados en ciencias qu\u00edmicas, para graduados en Ciencias de la Salud (farmac\u00e9uticos, bioqu\u00edmicos, bi\u00f3logos), para graduados en Administraci\u00f3n y Direcci\u00f3n de Empresas, para profesionales del sector interesados en mejorar su trayectoria profesional, y para alumnos de \u00faltimo curso de grado que quieran completar su formaci\u00f3n especializ\u00e1ndose en el sector cosm\u00e9tico.<\/p>\n<p style=\"text-align: justify;\">Su principal objetivo ser\u00e1 formar profesionales con una visi\u00f3n integral, pr\u00e1ctica y actualizada de la industria cosm\u00e9tica. La formaci\u00f3n y conocimientos adquiridos, permitir\u00e1 analizar y solucionar las diferentes situaciones que se presentan en el d\u00eda a d\u00eda dentro de las principales \u00e1reas y procesos de esta industria, haciendo especial hincapi\u00e9 en el I+D+i, la fabricaci\u00f3n, la gesti\u00f3n de procesos, el marketing o la comercializaci\u00f3n.<\/p>\n<p style=\"text-align: justify;\">El m\u00e1ster cuenta con el aval de numerosas empresas del sector, entidades relacionadas y la experiencia de destacados profesionales en un amplio abanico de productos, desde la industria capilar, productos de higiene, cosm\u00e9ticos faciales y corporales, Cosmec\u00e9uticos, etc.<\/p>\n","protected":false},"excerpt":{"rendered":"<p>UPV Campus de Alcoi, 13 de julio de 2016 Hace unos d\u00edas tuvo lugar la clausura oficial del M\u00c1STER EN LA INDUSTRIA COSM\u00c9TICA. Dise\u00f1o, producci\u00f3n y comercializaci\u00f3n de productos cosm\u00e9ticos y Cosmec\u00e9uticos (MIC). &nbsp; El pasado 1 de julio\u00a0 se realiz\u00f3 la clausura oficial correspondiente a la primera edici\u00f3n del M\u00e1ster en la Industria Cosm\u00e9tica,\u00a0 [&hellip;]<\/p>\n","protected":false},"author":1,"featured_media":0,"comment_status":"closed","ping_status":"open","sticky":false,"template":"","format":"standard","meta":{"_monsterinsights_skip_tracking":false,"_monsterinsights_sitenote_active":false,"_monsterinsights_sitenote_note":"","_monsterinsights_sitenote_category":0},"categories":[12,1058],"tags":[],"_links":{"self":[{"href":"http:\/\/www.portaldelolleria.es\/index.php?rest_route=\/wp\/v2\/posts\/14156"}],"collection":[{"href":"http:\/\/www.portaldelolleria.es\/index.php?rest_route=\/wp\/v2\/posts"}],"about":[{"href":"http:\/\/www.portaldelolleria.es\/index.php?rest_route=\/wp\/v2\/types\/post"}],"author":[{"embeddable":true,"href":"http:\/\/www.portaldelolleria.es\/index.php?rest_route=\/wp\/v2\/users\/1"}],"replies":[{"embeddable":true,"href":"http:\/\/www.portaldelolleria.es\/index.php?rest_route=%2Fwp%2Fv2%2Fcomments&post=14156"}],"version-history":[{"count":4,"href":"http:\/\/www.portaldelolleria.es\/index.php?rest_route=\/wp\/v2\/posts\/14156\/revisions"}],"predecessor-version":[{"id":14161,"href":"http:\/\/www.portaldelolleria.es\/index.php?rest_route=\/wp\/v2\/posts\/14156\/revisions\/14161"}],"wp:attachment":[{"href":"http:\/\/www.portaldelolleria.es\/index.php?rest_route=%2Fwp%2Fv2%2Fmedia&parent=14156"}],"wp:term":[{"taxonomy":"category","embeddable":true,"href":"http:\/\/www.portaldelolleria.es\/index.php?rest_route=%2Fwp%2Fv2%2Fcategories&post=14156"},{"taxonomy":"post_tag","embeddable":true,"href":"http:\/\/www.portaldelolleria.es\/index.php?rest_route=%2Fwp%2Fv2%2Ftags&post=14156"}],"curies":[{"name":"wp","href":"https:\/\/api.w.org\/{rel}","templated":true}]}}