{"id":14472,"date":"2016-09-02T11:30:55","date_gmt":"2016-09-02T09:30:55","guid":{"rendered":"http:\/\/www.portaldelolleria.es\/?p=14472"},"modified":"2016-09-02T11:34:44","modified_gmt":"2016-09-02T09:34:44","slug":"upv-campus-de-alcoi-comienzan-las-jornadas-de-acogida-para-alumnos-de-primer-ano","status":"publish","type":"post","link":"http:\/\/www.portaldelolleria.es\/?p=14472","title":{"rendered":"UPV Campus de Alcoi: Comienzan las Jornadas de Acogida para alumnos de primer a\u00f1o"},"content":{"rendered":"<p><a href=\"http:\/\/www.portaldelolleria.es\/wp-content\/uploads\/2016\/09\/Bienvenida-J.I.jpg\"><img loading=\"lazy\" class=\"aligncenter size-full wp-image-14474\" title=\"Bienvenida J.I\" src=\"http:\/\/www.portaldelolleria.es\/wp-content\/uploads\/2016\/09\/Bienvenida-J.I.jpg\" alt=\"\" width=\"689\" height=\"398\" srcset=\"http:\/\/www.portaldelolleria.es\/wp-content\/uploads\/2016\/09\/Bienvenida-J.I.jpg 689w, http:\/\/www.portaldelolleria.es\/wp-content\/uploads\/2016\/09\/Bienvenida-J.I-300x173.jpg 300w\" sizes=\"(max-width: 689px) 100vw, 689px\" \/><\/a><\/p>\n<p><em><span style=\"color: #888888;\">UPV Campus Alcoi, 1 de septiembre de 2016<\/span><\/em><\/p>\n<ul>\n<li><strong>Organizadas dentro del programa INTEGRA de la UPV<\/strong><\/li>\n<li><strong>Se realizan entre hoy y ma\u00f1ana en el Sal\u00f3n de Grados Roberto Garc\u00eda Pay\u00e1<\/strong><\/li>\n<\/ul>\n<p><strong>En ellas, se\u00a0 explica a los nuevos alumnos todo lo necesario para su adaptaci\u00f3n al entorno universitario.<\/strong><\/p>\n<p>Esta ma\u00f1ana se ha realizado en el Sal\u00f3n de Grados Roberto Garc\u00eda Pay\u00e1 de este Campus d\u2019Alcoi de la Universitat Polit\u00e8cnica de Val\u00e8ncia (UPV) la primera Jornada de Acogida 2015-16 para los alumnos de primer curso en los Grados de Ingenier\u00eda Qu\u00edmica, Mec\u00e1nica y El\u00e9ctrica, y ma\u00f1ana, se repetir\u00e1 para los alumnos del Grado en Administraci\u00f3n y Direcci\u00f3n de Empresas, Grado en Ingenier\u00eda en Dise\u00f1o Industrial y Desarrollo de Productos, Grado en Ingenier\u00eda Inform\u00e1tica, y los dos dobles Grados ADE + Turismo y ADE + Inform\u00e1tica.<\/p>\n<p><strong>Programa de las Jornadas<\/strong><\/p>\n<ul>\n<li><strong>10:00 <\/strong>\u00a0Bienvenida del Director. Juan Ignacio Torregrosa L\u00f3pez.<\/li>\n<li><strong>10:30\u00a0 <\/strong>Normativa de Progreso y Permanencia, y de Evaluaci\u00f3n. Explicaci\u00f3n de la normativa por nuestro subdirector de alumnado: Antonio Arques Sanz. Sal\u00f3n de Grados Edificio Carbonell.<\/li>\n<li><strong>10:45 <\/strong>Delegaci\u00f3n de Alumnos. Explicaci\u00f3n de las funciones por el delegado de alumnos: Javier Monasterio. Sal\u00f3n de Grados Edificio Carbonell.<\/li>\n<li><strong>10:55 <\/strong>Programa INTEGRA y POLIFORMAT. Explicaci\u00f3n del programa Integra por Anna Aguilar y explicaci\u00f3n del Poliformat y webmail por Sandra Mart\u00ed. Sal\u00f3n de Grados Edificio Carbonell.<\/li>\n<li><strong>11:15 <\/strong>Bienvenida de los DAT\u2019s. Por titulaciones. Los directores acad\u00e9micos har\u00e1n una charla sobre los temas m\u00e1s importantes de la titulaci\u00f3n.<\/li>\n<li><strong>11:45 <\/strong>\u00a0Realizaci\u00f3n de los grupos tutoriales.<\/li>\n<li><strong>12:00\u00a0 <\/strong>Primera Reuni\u00f3n tutorial. Mismo espacio que el anterior. C1A1.<\/li>\n<li><strong>13:30 <\/strong>\u00a0Comida. Cafeter\u00eda del Campus<\/li>\n<\/ul>\n<p><strong>\u00a0<\/strong><\/p>\n<p>Las Jornadas est\u00e1n dirigidas a alumnos de nuevo ingreso, y se organizan en los d\u00edas previos al inicio oficial del curso. En ellas podr\u00e1n conocer a compa\u00f1eros y profesores,\u00a0 recibir informaci\u00f3n sobre el funcionamiento de los servicios\u00a0 de la universidad, como biblioteca, \u00e1rea de deportes, Delegaci\u00f3n de Alumnos, servicios inform\u00e1ticos, etc. En las jornadas, tambi\u00e9n conocer\u00e1n la segunda acci\u00f3n del programa INTEGRA que es el Plan de Acci\u00f3n tutorial<\/p>\n<p>El objetivo principal del programa <strong>INTEGRA<\/strong>, es reducir el impacto\u00a0 que representa el acceso a la Universidad y facilitar la adaptaci\u00f3n e integraci\u00f3n\u00a0 al entorno universitario. Y para ello pone en marcha b\u00e1sicamente estas\u00a0 estrategias o acciones:<\/p>\n<p>&nbsp;<\/p>\n<p><strong>Plan de Acci\u00f3n Tutorial<\/strong><\/p>\n<p>El alumno de nuevo ingreso\u00a0 cuenta con la ayuda de un\u00a0 alumno tutor y un profesor tutor de su titulaci\u00f3n, que le acompa\u00f1an durante el primer curso, m\u00e1s intensivamente en el primer cuatrimestre. As\u00ed, junto con otros compa\u00f1eros forman el grupo de tutor\u00eda,\u00a0 y mediante reuniones mensuales van a trabajando temas como:<\/p>\n<p>Conocer la Normativa de progreso y permanencia en las titulaciones oficiales de la UPV y la de r\u00e9gimen \u00a0\u00a0\u00a0acad\u00e9mico evaluaci\u00f3n del alumnado.<\/p>\n<p>Ser conscientes de la importancia de planificar el estudio, identificar dificultades con las asignaturas, desarrollar estrategias de aprendizaje adecuadas, analizar los resultados que van obteniendo de posibles pruebas de evaluaci\u00f3n que hayan realizado, reflexi\u00f3n sobre los resultados que van obteniendo y analizar el primer contacto con las asignaturas, profesores, metodolog\u00eda de ense\u00f1anza y de evaluaci\u00f3n.<\/p>\n<p>Adem\u00e1s los alumnos tutelados tienen la oportunidad de asistir en el marco\u00a0 de este programa a unos talleres dirigidos a ellos, y cuyos objetivos son: proporcionar herramientas eficaces de m\u00e9todos de estudio para afrontar el trabajo universitario y favorecer el conocimiento de s\u00ed mismo para la potenciaci\u00f3n personal y la preparaci\u00f3n mental necesarias para hacer frente a las exigencias de los estudios universitarios. Estas sesiones se desarrollar\u00e1n durante los meses de Octubre y Noviembre.<\/p>\n<p><a href=\"http:\/\/www.portaldelolleria.es\/wp-content\/uploads\/2016\/09\/Bienvenida2.jpg\"><img loading=\"lazy\" class=\"aligncenter size-full wp-image-14473\" title=\"Bienvenida2\" src=\"http:\/\/www.portaldelolleria.es\/wp-content\/uploads\/2016\/09\/Bienvenida2.jpg\" alt=\"\" width=\"598\" height=\"399\" srcset=\"http:\/\/www.portaldelolleria.es\/wp-content\/uploads\/2016\/09\/Bienvenida2.jpg 598w, http:\/\/www.portaldelolleria.es\/wp-content\/uploads\/2016\/09\/Bienvenida2-300x200.jpg 300w\" sizes=\"(max-width: 598px) 100vw, 598px\" \/><\/a><\/p>\n","protected":false},"excerpt":{"rendered":"<p>UPV Campus Alcoi, 1 de septiembre de 2016 Organizadas dentro del programa INTEGRA de la UPV Se realizan entre hoy y ma\u00f1ana en el Sal\u00f3n de Grados Roberto Garc\u00eda Pay\u00e1 En ellas, se\u00a0 explica a los nuevos alumnos todo lo necesario para su adaptaci\u00f3n al entorno universitario. Esta ma\u00f1ana se ha realizado en el Sal\u00f3n [&hellip;]<\/p>\n","protected":false},"author":1,"featured_media":0,"comment_status":"closed","ping_status":"open","sticky":false,"template":"","format":"standard","meta":{"_monsterinsights_skip_tracking":false,"_monsterinsights_sitenote_active":false,"_monsterinsights_sitenote_note":"","_monsterinsights_sitenote_category":0},"categories":[12,1058],"tags":[],"_links":{"self":[{"href":"http:\/\/www.portaldelolleria.es\/index.php?rest_route=\/wp\/v2\/posts\/14472"}],"collection":[{"href":"http:\/\/www.portaldelolleria.es\/index.php?rest_route=\/wp\/v2\/posts"}],"about":[{"href":"http:\/\/www.portaldelolleria.es\/index.php?rest_route=\/wp\/v2\/types\/post"}],"author":[{"embeddable":true,"href":"http:\/\/www.portaldelolleria.es\/index.php?rest_route=\/wp\/v2\/users\/1"}],"replies":[{"embeddable":true,"href":"http:\/\/www.portaldelolleria.es\/index.php?rest_route=%2Fwp%2Fv2%2Fcomments&post=14472"}],"version-history":[{"count":3,"href":"http:\/\/www.portaldelolleria.es\/index.php?rest_route=\/wp\/v2\/posts\/14472\/revisions"}],"predecessor-version":[{"id":14477,"href":"http:\/\/www.portaldelolleria.es\/index.php?rest_route=\/wp\/v2\/posts\/14472\/revisions\/14477"}],"wp:attachment":[{"href":"http:\/\/www.portaldelolleria.es\/index.php?rest_route=%2Fwp%2Fv2%2Fmedia&parent=14472"}],"wp:term":[{"taxonomy":"category","embeddable":true,"href":"http:\/\/www.portaldelolleria.es\/index.php?rest_route=%2Fwp%2Fv2%2Fcategories&post=14472"},{"taxonomy":"post_tag","embeddable":true,"href":"http:\/\/www.portaldelolleria.es\/index.php?rest_route=%2Fwp%2Fv2%2Ftags&post=14472"}],"curies":[{"name":"wp","href":"https:\/\/api.w.org\/{rel}","templated":true}]}}