{"id":14722,"date":"2016-10-05T01:03:21","date_gmt":"2016-10-04T23:03:21","guid":{"rendered":"http:\/\/www.portaldelolleria.es\/?p=14722"},"modified":"2016-10-05T01:03:21","modified_gmt":"2016-10-04T23:03:21","slug":"mon-%c2%b7-doc-2016-cambia-fecha-de-celebracion-del-festival","status":"publish","type":"post","link":"http:\/\/www.portaldelolleria.es\/?p=14722","title":{"rendered":"MON \u00b7 DOC 2016 cambia fecha de celebraci\u00f3n del festival."},"content":{"rendered":"<p><a href=\"http:\/\/www.portaldelolleria.es\/wp-content\/uploads\/2016\/10\/mondoc2016.jpg\"><img loading=\"lazy\" class=\"aligncenter size-full wp-image-14723\" title=\"mondoc2016\" src=\"http:\/\/www.portaldelolleria.es\/wp-content\/uploads\/2016\/10\/mondoc2016.jpg\" alt=\"\" width=\"598\" height=\"398\" srcset=\"http:\/\/www.portaldelolleria.es\/wp-content\/uploads\/2016\/10\/mondoc2016.jpg 598w, http:\/\/www.portaldelolleria.es\/wp-content\/uploads\/2016\/10\/mondoc2016-300x199.jpg 300w\" sizes=\"(max-width: 598px) 100vw, 598px\" \/><\/a><\/p>\n<p><em><span style=\"color: #888888;\">Ajuntament de Montaverner, 3 de octubre de 2016<\/span><\/em><\/p>\n<p>MON \u00b7 DOC 2016 cambia las fechas del festival.<\/p>\n<p>La 8\u00aa edici\u00f3n del festival de documentales se celebrar\u00e1 finalmente en el mes de noviembre.<\/p>\n<p>Por motivos organizativos, la Concejal\u00eda de Cultura del Ayuntamiento de Montaverner ha tomado la decisi\u00f3n de no celebrar la edici\u00f3n de este a\u00f1o de MON \u00b7 DOC en las fechas previstas en el mes de octubre. Para poder hacer frente al trabajo de organizaci\u00f3n que supone un evento como este se ha decidido trasladar MON \u00b7 DOC 2016 al mes de noviembre.<\/p>\n<p>As\u00ed el festival se inaugurar\u00e1 el viernes 18 de noviembre y concluir\u00e1 con la gala de clausura prevista para el s\u00e1bado 26.<\/p>\n<p>Desde la organizaci\u00f3n de MON \u00b7 DOC anuncian que en breve estar\u00e1 cerrada la programaci\u00f3n; la cual podr\u00e1 consultarse, al igual que el resto de noticias en la web:\u00a0 <a href=\"http:\/\/www.montdoc.blogspot.com.es\">http:\/\/www.montdoc.blogspot.com.es<\/a><\/p>\n<p style=\"text-align: justify;\">\n","protected":false},"excerpt":{"rendered":"<p>Ajuntament de Montaverner, 3 de octubre de 2016 MON \u00b7 DOC 2016 cambia las fechas del festival. La 8\u00aa edici\u00f3n del festival de documentales se celebrar\u00e1 finalmente en el mes de noviembre. Por motivos organizativos, la Concejal\u00eda de Cultura del Ayuntamiento de Montaverner ha tomado la decisi\u00f3n de no celebrar la edici\u00f3n de este a\u00f1o [&hellip;]<\/p>\n","protected":false},"author":1,"featured_media":0,"comment_status":"closed","ping_status":"open","sticky":false,"template":"","format":"standard","meta":{"_monsterinsights_skip_tracking":false,"_monsterinsights_sitenote_active":false,"_monsterinsights_sitenote_note":"","_monsterinsights_sitenote_category":0},"categories":[789,12],"tags":[],"_links":{"self":[{"href":"http:\/\/www.portaldelolleria.es\/index.php?rest_route=\/wp\/v2\/posts\/14722"}],"collection":[{"href":"http:\/\/www.portaldelolleria.es\/index.php?rest_route=\/wp\/v2\/posts"}],"about":[{"href":"http:\/\/www.portaldelolleria.es\/index.php?rest_route=\/wp\/v2\/types\/post"}],"author":[{"embeddable":true,"href":"http:\/\/www.portaldelolleria.es\/index.php?rest_route=\/wp\/v2\/users\/1"}],"replies":[{"embeddable":true,"href":"http:\/\/www.portaldelolleria.es\/index.php?rest_route=%2Fwp%2Fv2%2Fcomments&post=14722"}],"version-history":[{"count":1,"href":"http:\/\/www.portaldelolleria.es\/index.php?rest_route=\/wp\/v2\/posts\/14722\/revisions"}],"predecessor-version":[{"id":14724,"href":"http:\/\/www.portaldelolleria.es\/index.php?rest_route=\/wp\/v2\/posts\/14722\/revisions\/14724"}],"wp:attachment":[{"href":"http:\/\/www.portaldelolleria.es\/index.php?rest_route=%2Fwp%2Fv2%2Fmedia&parent=14722"}],"wp:term":[{"taxonomy":"category","embeddable":true,"href":"http:\/\/www.portaldelolleria.es\/index.php?rest_route=%2Fwp%2Fv2%2Fcategories&post=14722"},{"taxonomy":"post_tag","embeddable":true,"href":"http:\/\/www.portaldelolleria.es\/index.php?rest_route=%2Fwp%2Fv2%2Ftags&post=14722"}],"curies":[{"name":"wp","href":"https:\/\/api.w.org\/{rel}","templated":true}]}}