{"id":14997,"date":"2016-11-01T12:00:33","date_gmt":"2016-11-01T10:00:33","guid":{"rendered":"http:\/\/www.portaldelolleria.es\/?p=14997"},"modified":"2016-11-01T12:00:33","modified_gmt":"2016-11-01T10:00:33","slug":"upv-campus-de-alcoi-semana-de-la-ciencia-2016","status":"publish","type":"post","link":"http:\/\/www.portaldelolleria.es\/?p=14997","title":{"rendered":"UPV Campus de Alcoi:  Semana de la Ciencia 2016"},"content":{"rendered":"<p><a href=\"http:\/\/www.portaldelolleria.es\/wp-content\/uploads\/2016\/11\/ciencia2016.jpg\"><img loading=\"lazy\" class=\"aligncenter size-full wp-image-14998\" title=\"ciencia2016\" src=\"http:\/\/www.portaldelolleria.es\/wp-content\/uploads\/2016\/11\/ciencia2016.jpg\" alt=\"\" width=\"598\" height=\"398\" srcset=\"http:\/\/www.portaldelolleria.es\/wp-content\/uploads\/2016\/11\/ciencia2016.jpg 598w, http:\/\/www.portaldelolleria.es\/wp-content\/uploads\/2016\/11\/ciencia2016-300x199.jpg 300w\" sizes=\"(max-width: 598px) 100vw, 598px\" \/><\/a><\/p>\n<p>&nbsp;<\/p>\n<p>&nbsp;<\/p>\n<p><em><span style=\"color: #888888;\">\u00a0UPV Campus de Alcoi, 1 de noviembre de 2016<\/span><\/em><\/p>\n<p><strong>Conferencias, visitas guiadas, cine f\u00f3rum, degustaciones, mon\u00f3logos cient\u00edficos, observaci\u00f3n astron\u00f3mica y la posterior Semana Jove de la Ciencia, conforman la programaci\u00f3n de esta Semana de la Ciencia 2016.<\/strong><\/p>\n<p style=\"text-align: justify;\">El pr\u00f3ximo lunes, 7 de noviembre dar\u00e1 comienzo la Semana de la Ciencia 2016, como es habitual lo har\u00e1 con la inauguraci\u00f3n previa a la conferencia programada para esa jornada. Tendr\u00e1 lugar en la Sala de Grados Roberto Garcia Pay\u00e1 a partir de las 19:00h y contar\u00e1 con la presencia de <strong>Don Miguel Fern\u00e1ndez Prada<\/strong> Vicerrector Estudios, Calidad y Acreditaci\u00f3n de la Universitat Polit\u00e8cnica de Val\u00e8ncia, <strong>Don Antonio Franc\u00e9s<\/strong> <strong>P\u00e9rez<\/strong>, Alcalde de M.I. Ayuntamiento de Alcoy, <strong>Don Juan Ignacio Torregrosa L\u00f3pez<\/strong>, Director Escuela Polit\u00e9cnica Superior de Alcoy y <strong>Don Vicente D\u00edez Vald\u00e9s<\/strong>, Responsable Semana de la Ciencia.<\/p>\n<p style=\"text-align: justify;\"><strong>La edici\u00f3n de este a\u00f1o<\/strong><\/p>\n<p style=\"text-align: justify;\">El ser humano vive en un mundo global acelerado, los avances tecnol\u00f3gicos y cient\u00edficos se suceden a una velocidad de v\u00e9rtigo, y podemos afirmar sin duda que son los m\u00e1s importantes de la historia: internet de las cosas, la robotizaci\u00f3n, los tel\u00e9fonos inteligentes, el big data, la secuenciaci\u00f3n del genoma, las energ\u00edas renovables, el bitcoin, el fintech, las plataformas de intercambio entre particulares\u2026<\/p>\n<p style=\"text-align: justify;\">Sin embargo, la naturaleza humana se sigue planteando los mismos interrogantes que los fil\u00f3sofos presocr\u00e1ticos \u00bfQu\u00e9 es el hombre? En este momento, m\u00e1s que nunca, la ciencia y la filosof\u00eda tienen que volver a ser como fueron en la \u00e9poca de Plat\u00f3n y Arist\u00f3teles, las dos caras de una misma moneda. \u00bfSon los cient\u00edficos los fil\u00f3sofos del siglo XXI? Se trata de saber c\u00f3mo administrar el enorme poder que la ciencia y la tecnolog\u00eda han puesto en manos del ser humano.<\/p>\n<p style=\"text-align: justify;\">De la misma manera que el pensamiento filos\u00f3fico busca lo bueno y lo malo, el pensamiento cr\u00edtico influye en la b\u00fasqueda de lo verdadero, mediante la humildad intelectual y una mente abierta. Y apoyados en la libertad de pensamiento, nos vemos en la necesidad de evaluar la consistencia y la validez de la informaci\u00f3n que nos exponen. Este es el objetivo fundamental de la Universidad, que precede a cualquier intento de adoctrinamiento, ya que queremos formar a personas libres y sin miedo, facilitando la igualdad y la libertad. A muchos se les olvida que la difusi\u00f3n de la ciencia cumple ese mismo cometido, y que tenemos una responsabilidad social de compartir los recursos acad\u00e9micos con la ense\u00f1anza obligatoria y postobligatoria, fomentando las vocaciones cient\u00edficas. El empleo no crecer\u00e1 en cantidad y calidad con reformas laborales, sino con una apuesta decidida por aumentar la inversi\u00f3n en educaci\u00f3n y en investigaci\u00f3n cient\u00edfica. Y nos preguntamos, \u00bfla sociedad espa\u00f1ola cree que la educaci\u00f3n es importante?<\/p>\n<p style=\"text-align: justify;\">Como en ediciones anteriores, la organizaci\u00f3n corre a cargo del Centro de Transferencia de Tecnolog\u00eda del Campus d\u2019Alcoi de la Universitat Polit\u00e8cnica de Val\u00e8ncia (UPV), y cuenta con el patrocinio del Ayuntamiento de Alcoy por medio de la c\u00e1tedra \u201cAlcoy Ciudad del Conocimiento\u201d, por la Fundaci\u00f3n Espa\u00f1ola para la Ciencia y la Tecnolog\u00eda (FECYT) y por las empresas Multiscan, Akralab y Diagram Software, Tambi\u00e9n colaboran en esta edici\u00f3n el Consejo Superior de Investigaciones Cient\u00edficas, la empresa Publiaescala, la Asociaci\u00f3n Astron\u00f3mica de Alcoy, el espacio \u00c1gora, el restaurante L\u2019Escaleta, la Mancomunitat de L\u2019Alcoi\u00e0 i el Comtat y los ayuntamientos de L\u2019Olleria, Bocairent, Banyeres de Mariola, Mutxamel, Villena y X\u00e0tiva, ayuntamientos que albergan Sedes Universitarias del Campus d\u2019Alcoi de la UPV y que tambi\u00e9n albergar\u00e1n \u00a0actividades dentro de la programaci\u00f3n de la Semana de la Ciencia 2016.<\/p>\n<p style=\"text-align: justify;\">Conferencias, visitas guiadas, cine f\u00f3rum, degustaciones, mon\u00f3logos cient\u00edficos, observaci\u00f3n astron\u00f3mica y la posterior Semana Jove de la Ciencia, conforman la programaci\u00f3n de esta Semana de la Ciencia 2016.<\/p>\n<p style=\"text-align: justify;\"><strong>\u00a0<\/strong><\/p>\n<p style=\"text-align: justify;\"><strong>Exposici\u00f3n Fotciencia13<\/strong><\/p>\n<p style=\"text-align: justify;\">Este a\u00f1o, la exposici\u00f3n fotogr\u00e1fica se podr\u00e1 visitar a partir del pr\u00f3ximo lunes 7 hasta el 20 de noviembre en el espacio \u00c1gora, con el siguiente horario: de 09:00 a 14:00h y de 17:00 a 21:00h.<\/p>\n<p style=\"text-align: justify;\"><strong>Inscripciones<\/strong><\/p>\n<p style=\"text-align: justify;\">Las inscripciones se realizar\u00e1n a trav\u00e9s de la p\u00e1gina web (www.semanaciencia.alcoy.upv.es), por correo electr\u00f3nico(<a href=\"mailto:ctt@epsa.upv.es\">ctt@epsa.upv.es<\/a>) o en el despacho 3dB10 de la 4\u00aa planta del edificio Carbonell, hasta completar el aforo m\u00e1ximo de la Sala de Conferencias. Se deber\u00e1 asistir 10 minutos antes de su inicio a todas las actividades.<\/p>\n<p style=\"text-align: justify;\"><strong>La primera Conferencia: \u201cAtapuerca y la evoluci\u00f3n humana en Europa\u201d<\/strong><\/p>\n<p style=\"text-align: justify;\">A las 19:30h, una vez finalizada la Inauguraci\u00f3n, comenzar\u00e1 la primera de las conferencias programadas, <strong>\u201c<\/strong><strong>Atapuerca y la evoluci\u00f3n humana en Europa\u201d:<\/strong> Los yacimientos arqueol\u00f3gicos y paleontol\u00f3gicos de la Sierra de Atapuerca (Burgos) han proporcionado varios conjuntos \u00fanicos de f\u00f3siles humanos del Pleistoceno Inferior y Medio. Estos hallazgos han roto viejos paradigmas y han permitido proponer hip\u00f3tesis para explicar la variabilidad y la din\u00e1mica del poblamiento europeo durante el Pleistoceno.<\/p>\n<p style=\"text-align: justify;\">A cargo de <strong>Don Jos\u00e9 Mar\u00eda Berm\u00fadez de Castro Risue\u00f1o<\/strong>, Profesor de Investigaci\u00f3n en el Departamento de Paleobiolog\u00eda del Museo Nacional de Ciencias Naturales, del Consejo Superior de Investigaciones Cient\u00edficas (CSIC). Codirector de las excavaciones de los yacimientos pleistocenos de la Sierra de Atapuerca. Premio Pr\u00edncipe Asturias de Investigaci\u00f3n Cient\u00edfica y T\u00e9cnica (1997).<\/p>\n<p style=\"text-align: justify;\">\u00a0ver folleto informativo <a href=\"http:\/\/www.portaldelolleria.es\/pdfs\/ciencia2016.pdf\" target=\"_blank\">Semana de la Ciencia 2016<\/a> (PDF)<\/p>\n<p style=\"text-align: justify;\"><strong><em>Miercoles 9 de noviembre\u00a0 UPV Campus Alcoi &#8211; sede l&#8217;Olleria<br \/>\n<\/em><\/strong><\/p>\n<p style=\"text-align: justify;\"><strong>Conferencia. C\u00f3mo mejorar tus actividades empresariales con neuromarketing<\/strong><br \/>\nEn esta conferencia se hablar\u00e1 de la utilizaci\u00f3n de t\u00e9cnicas como el seguimiento ocular (eye tracking) o la electroencefalograf\u00eda (EEG), propias del neuromarketing, para mejorar tanto los dise\u00f1os de productos y de packaging, la mejora y optimizaci\u00f3n de las p\u00e1ginas web y piezas de comunicaci\u00f3n e incluso la mejora de la gesti\u00f3n empresarial, bas\u00e1ndonos en las emociones y reacciones que el consumidor tiene de forma involuntaria, analiz\u00e1ndolas y cuantific\u00e1ndolas.<br \/>\nHorario: 19:30 &#8211; 21:00 h<br \/>\nA cargo de: D. David Ju\u00e1rez.<\/p>\n<p style=\"text-align: justify;\">Coordinador de MACOM<\/p>\n<p style=\"text-align: justify;\">D. David Fenollar,<\/p>\n<p style=\"text-align: justify;\">responsable del Applied Neuromarketing Team.<br \/>\nLugar: Espai IDEO-START<br \/>\nUPV. C\/ San Juan XXIII, 25<br \/>\n&#8211; L\u2019Olleria.<\/p>\n","protected":false},"excerpt":{"rendered":"<p>&nbsp; &nbsp; \u00a0UPV Campus de Alcoi, 1 de noviembre de 2016 Conferencias, visitas guiadas, cine f\u00f3rum, degustaciones, mon\u00f3logos cient\u00edficos, observaci\u00f3n astron\u00f3mica y la posterior Semana Jove de la Ciencia, conforman la programaci\u00f3n de esta Semana de la Ciencia 2016. El pr\u00f3ximo lunes, 7 de noviembre dar\u00e1 comienzo la Semana de la Ciencia 2016, como es [&hellip;]<\/p>\n","protected":false},"author":1,"featured_media":0,"comment_status":"closed","ping_status":"open","sticky":false,"template":"","format":"standard","meta":{"_monsterinsights_skip_tracking":false,"_monsterinsights_sitenote_active":false,"_monsterinsights_sitenote_note":"","_monsterinsights_sitenote_category":0},"categories":[12,1058],"tags":[],"_links":{"self":[{"href":"http:\/\/www.portaldelolleria.es\/index.php?rest_route=\/wp\/v2\/posts\/14997"}],"collection":[{"href":"http:\/\/www.portaldelolleria.es\/index.php?rest_route=\/wp\/v2\/posts"}],"about":[{"href":"http:\/\/www.portaldelolleria.es\/index.php?rest_route=\/wp\/v2\/types\/post"}],"author":[{"embeddable":true,"href":"http:\/\/www.portaldelolleria.es\/index.php?rest_route=\/wp\/v2\/users\/1"}],"replies":[{"embeddable":true,"href":"http:\/\/www.portaldelolleria.es\/index.php?rest_route=%2Fwp%2Fv2%2Fcomments&post=14997"}],"version-history":[{"count":1,"href":"http:\/\/www.portaldelolleria.es\/index.php?rest_route=\/wp\/v2\/posts\/14997\/revisions"}],"predecessor-version":[{"id":14999,"href":"http:\/\/www.portaldelolleria.es\/index.php?rest_route=\/wp\/v2\/posts\/14997\/revisions\/14999"}],"wp:attachment":[{"href":"http:\/\/www.portaldelolleria.es\/index.php?rest_route=%2Fwp%2Fv2%2Fmedia&parent=14997"}],"wp:term":[{"taxonomy":"category","embeddable":true,"href":"http:\/\/www.portaldelolleria.es\/index.php?rest_route=%2Fwp%2Fv2%2Fcategories&post=14997"},{"taxonomy":"post_tag","embeddable":true,"href":"http:\/\/www.portaldelolleria.es\/index.php?rest_route=%2Fwp%2Fv2%2Ftags&post=14997"}],"curies":[{"name":"wp","href":"https:\/\/api.w.org\/{rel}","templated":true}]}}