{"id":1501,"date":"2012-10-22T00:32:23","date_gmt":"2012-10-21T23:32:23","guid":{"rendered":"http:\/\/www.portaldelolleria.es\/?p=1501"},"modified":"2012-10-22T00:32:23","modified_gmt":"2012-10-21T23:32:23","slug":"el-coro-sem-santa-cecilia-ultima-ensayos-para-la-trobada","status":"publish","type":"post","link":"http:\/\/www.portaldelolleria.es\/?p=1501","title":{"rendered":"El Coro SEM. Santa Cecilia ultima ensayos para la Trobada"},"content":{"rendered":"<div id=\"attachment_1502\" style=\"width: 608px\" class=\"wp-caption aligncenter\"><a href=\"http:\/\/www.portaldelolleria.es\/wp-content\/uploads\/2012\/10\/corostacecilia.jpg\"><img aria-describedby=\"caption-attachment-1502\" loading=\"lazy\" class=\"size-full wp-image-1502\" title=\"corostacecilia\" src=\"http:\/\/www.portaldelolleria.es\/wp-content\/uploads\/2012\/10\/corostacecilia.jpg\" alt=\"\" width=\"598\" height=\"398\" srcset=\"http:\/\/www.portaldelolleria.es\/wp-content\/uploads\/2012\/10\/corostacecilia.jpg 598w, http:\/\/www.portaldelolleria.es\/wp-content\/uploads\/2012\/10\/corostacecilia-300x199.jpg 300w\" sizes=\"(max-width: 598px) 100vw, 598px\" \/><\/a><p id=\"caption-attachment-1502\" class=\"wp-caption-text\">El coro prepar\u00e1ndose para los \u00faltimos ensayos<\/p><\/div>\n<p>&nbsp;<\/p>\n<p align=\"center\"><strong>27 OCTUBRE &#8211; XX TROBADA DE COROS DE LA VALL D\u2019ALBAIDA <\/strong><\/p>\n<p align=\"center\"><strong><em>\u201cDos veteranas del Coro SEM. Santa Cecilia de L\u2019Oller\u00eda, nos cuentan la historia\u201d<\/em><\/strong><\/p>\n<p>&nbsp;<\/p>\n<p>El <strong>Coro de la SEM Santa Cecilia de L\u2019Olleria<\/strong> se form\u00f3 en 1995 siendo su director<strong>, Mois\u00e9s Parejo Codina.<\/strong><\/p>\n<p>Con motivo de la XX Trobada de Coros\u00a0 de la Vall d\u2019Albaida, hablamos con dos de sus veteranas componentes: <strong>Puri Momp\u00f3 y Susi Garc\u00eda<\/strong>.<\/p>\n<p>Su primer director fue Mois\u00e9s al que consideran como un buen amigo ya que trabaj\u00f3 mucho con el grupo para que \u00e9ste funcionara pronto y bien.<\/p>\n<p>&nbsp;<\/p>\n<p>Dicen que lo m\u00e1s importante fue el haber participado en todas las Trobadas que se han realizado en la Vall d\u2019Albaida.<\/p>\n<p>&nbsp;<\/p>\n<p>Tambi\u00e9n nos hablan de las actuaciones en la <strong>Semana Santa. En Navidad. Para los jubilados.\u00a0 En la \u201cSemana de la Dona\u201d\u2026<\/strong><\/p>\n<p>Interpretaciones entre otras de <strong>\u201cCarmina Burana\u201d<\/strong> junto con los coros de Beniganim y Castell\u00f3 de Rugat, con las bandas de m\u00fasica de L\u2019Oller\u00eda, Genov\u00e9s y Beniganim, ofreciendo conciertos en diferentes poblaciones.<\/p>\n<p><strong>Jurassic Park y \u201cL\u2019Amena\u00e7a Fantasma\u201d<\/strong> con la <strong>Orquesta Cl\u00e1sica Setabense<\/strong> en 1999.<\/p>\n<p>&nbsp;<\/p>\n<p>Recuerdan el intercambio que tuvieron en el a\u00f1o 2000 con el Coro<strong> \u201cCarravieso\u201d de Rinc\u00f3n de Soto (Logro\u00f1o) <\/strong>que dirig\u00eda entonces el profesor hijo de L\u2019Oller\u00eda Juan Borr\u00e1s, \u00a0con la visita a esa localidad y posterior recibimiento a los componentes del Coro de Rinc\u00f3n de Soto y la actuaci\u00f3n conjunta en las dos localidades.<\/p>\n<p>&nbsp;<\/p>\n<p>La grabaci\u00f3n en el a\u00f1o 2005 de un CD de Villancicos.<\/p>\n<p>La actuaci\u00f3n junto al grupo local de teatro \u201cEl Bunyol\u201d en la zarzuela <strong>\u201cLa Verbena de la Paloma\u201d<\/strong> dirigido en \u00e9sta ocasi\u00f3n por Rub\u00e9n, el hermano de Mois\u00e9s, pues \u00e9ste\u00a0 tuvo que dejar el Coro por motivos profesionales.<\/p>\n<p>&nbsp;<\/p>\n<p>Despu\u00e9s fue Salvador Garc\u00eda Bataller, el director del Coro y \u00faltimamente, Pere Molina Gonz\u00e1lez. De todos los directores que hemos tenido guardamos muy buenos recuerdos, nos dicen.<\/p>\n<p>La organizaci\u00f3n de X Trobada les llen\u00f3 de satisfacci\u00f3n y esperan que en la presente poder alcanzar un nivel similar.<\/p>\n<p>&nbsp;<\/p>\n<p>Finalmente agradecer la cooperaci\u00f3n del Ayuntamiento, de la Mancomunidad, de la SEM Santa Cecilia, a los antiguos miembros del coro y que en esta ocasi\u00f3n vienen a reforzarnos. Tambi\u00e9n a las muchas empresas, a las que hemos pedido ayuda econ\u00f3mica y que han correspondido generosamente en esta \u00e9poca dif\u00edcil.<\/p>\n<p>A los coros participantes, desearles una grata estancia entre nosotros.<\/p>\n<p>Que todos los que nos visiten, lo pasen como si estuvieran en su casa.<\/p>\n<p>Queremos que la gente venga a ver y escuchar la Trobada y disfrute de ella.<\/p>\n<p>&nbsp;<\/p>\n<p>Pepe Aparici &#8211; L\u2019OLLERIA 20 DE OCTUBRE DE 2012<\/p>\n<p>&nbsp;<\/p>\n","protected":false},"excerpt":{"rendered":"<p>&nbsp; 27 OCTUBRE &#8211; XX TROBADA DE COROS DE LA VALL D\u2019ALBAIDA \u201cDos veteranas del Coro SEM. Santa Cecilia de L\u2019Oller\u00eda, nos cuentan la historia\u201d &nbsp; El Coro de la SEM Santa Cecilia de L\u2019Olleria se form\u00f3 en 1995 siendo su director, Mois\u00e9s Parejo Codina. Con motivo de la XX Trobada de Coros\u00a0 de la [&hellip;]<\/p>\n","protected":false},"author":2,"featured_media":0,"comment_status":"closed","ping_status":"open","sticky":false,"template":"","format":"standard","meta":{"_monsterinsights_skip_tracking":false,"_monsterinsights_sitenote_active":false,"_monsterinsights_sitenote_note":"","_monsterinsights_sitenote_category":0},"categories":[16,12],"tags":[20,167,387],"_links":{"self":[{"href":"http:\/\/www.portaldelolleria.es\/index.php?rest_route=\/wp\/v2\/posts\/1501"}],"collection":[{"href":"http:\/\/www.portaldelolleria.es\/index.php?rest_route=\/wp\/v2\/posts"}],"about":[{"href":"http:\/\/www.portaldelolleria.es\/index.php?rest_route=\/wp\/v2\/types\/post"}],"author":[{"embeddable":true,"href":"http:\/\/www.portaldelolleria.es\/index.php?rest_route=\/wp\/v2\/users\/2"}],"replies":[{"embeddable":true,"href":"http:\/\/www.portaldelolleria.es\/index.php?rest_route=%2Fwp%2Fv2%2Fcomments&post=1501"}],"version-history":[{"count":2,"href":"http:\/\/www.portaldelolleria.es\/index.php?rest_route=\/wp\/v2\/posts\/1501\/revisions"}],"predecessor-version":[{"id":1504,"href":"http:\/\/www.portaldelolleria.es\/index.php?rest_route=\/wp\/v2\/posts\/1501\/revisions\/1504"}],"wp:attachment":[{"href":"http:\/\/www.portaldelolleria.es\/index.php?rest_route=%2Fwp%2Fv2%2Fmedia&parent=1501"}],"wp:term":[{"taxonomy":"category","embeddable":true,"href":"http:\/\/www.portaldelolleria.es\/index.php?rest_route=%2Fwp%2Fv2%2Fcategories&post=1501"},{"taxonomy":"post_tag","embeddable":true,"href":"http:\/\/www.portaldelolleria.es\/index.php?rest_route=%2Fwp%2Fv2%2Ftags&post=1501"}],"curies":[{"name":"wp","href":"https:\/\/api.w.org\/{rel}","templated":true}]}}