{"id":15040,"date":"2016-11-05T10:34:26","date_gmt":"2016-11-05T08:34:26","guid":{"rendered":"http:\/\/www.portaldelolleria.es\/?p=15040"},"modified":"2016-11-05T11:35:01","modified_gmt":"2016-11-05T09:35:01","slug":"montaverner-mon-doc-2016-presenta-su-programacion","status":"publish","type":"post","link":"http:\/\/www.portaldelolleria.es\/?p=15040","title":{"rendered":"Montaverner: MON-DOC 2016 presenta su programaci\u00f3n"},"content":{"rendered":"<p><a href=\"http:\/\/www.portaldelolleria.es\/wp-content\/uploads\/2016\/11\/mondoc2016.jpg\"><img loading=\"lazy\" class=\"aligncenter size-full wp-image-15042\" title=\"mondoc2016\" src=\"http:\/\/www.portaldelolleria.es\/wp-content\/uploads\/2016\/11\/mondoc2016.jpg\" alt=\"\" width=\"598\" height=\"398\" srcset=\"http:\/\/www.portaldelolleria.es\/wp-content\/uploads\/2016\/11\/mondoc2016.jpg 598w, http:\/\/www.portaldelolleria.es\/wp-content\/uploads\/2016\/11\/mondoc2016-300x199.jpg 300w\" sizes=\"(max-width: 598px) 100vw, 598px\" \/><\/a><\/p>\n<p><em><span style=\"color: #888888;\">\u00a0Ajuntament de Montaverner, 4 de noviembre de 2016<\/span><\/em><\/p>\n<p style=\"text-align: justify;\"><strong>MON \u00b7 DOC 2016 presenta su programaci\u00f3n.<\/strong><\/p>\n<p>La 8\u00aa edici\u00f3n del festival de documentales de Montaverner abrir\u00e1 con un Oscar y cerrar\u00e1 con un Goya.<\/p>\n<p>La Concejal\u00eda de Cultura del Ayuntamiento de Montaverner ha publicado la programaci\u00f3n de MON \u00b7 DOC 2016, que arrancar\u00e1 el viernes 18 de noviembre con la proyecci\u00f3n del documental &#8216;A girl in the river: the price of Forgiveness&#8217;, galardonado con el Oscar 2016 en mejor corto documental y que no se hab\u00eda proyectado todav\u00eda en nuestro pa\u00eds. S\u00e1bado 26 se cerrar\u00e1 la muestra con la otra proyecci\u00f3n fuera de concurso, &#8216;Hijos de la Tierra&#8217;, premiado con el Goya 2016 al mejor corto documental, dos trabajos premiados y reconocidos por la cr\u00edtica especializada que acercan el mejor cine documental en Montaverner.<\/p>\n<p>Entre ambas, el Auditorio Luis Peir\u00f3 acoger\u00e1 la proyecci\u00f3n de 9 documentales, 5 largos y 4 cortometrajes, todos ellos participantes en el Premio MON \u00b7 DOC. Con tem\u00e1ticas que van del documental musical con &#8216;En Granada es posible&#8217; los episodios m\u00e1s duros y cruentos de nuestra historia como los de &#8216;\u00a1Dejadme llorar! El genocidio olvidado \u00abo\u00bb Garbanzos con az\u00facar &#8216;,&#8217; 9 d\u00edas en Hait\u00ed &#8216;(del director JA Bayona), &#8217;23 30, una historia cautiva&#8217; y &#8216;Peque\u00f1as mentiras piadosas&#8217; nos muestran realidades actuales que nos son desconocidas, al igual que &#8216; Joana Biarn\u00e9s, una entre todos &#8216;,&#8217; Gertrudis (la mujer que no entierro sobre talentos) &#8216;y&#8217; Las mam\u00e1s belgas &#8216;nos hablan de personajes desconocidos de nuestra historia.<\/p>\n<p>En total 11 documentales que nos llevan historias de todo tipo y nos presentan diferentes realidades que d\u00eda a d\u00eda pasan, muchas de ellas inadvertidas, a nuestro alrededor. La organizaci\u00f3n de MON \u00b7 DOC, tal como manifiesta la concejala de cultura Dolores Andr\u00e9s Pons, se muestra muy satisfecha con un programa en el que destaca la calidad de los trabajos as\u00ed como su esp\u00edritu de denuncia, hechos caracter\u00edsticos de los cine documental y que, desde un primer momento, MON \u00b7 DOC ha hecho suyos, sirviendo de plataforma para dar a conocer al p\u00fablico lo que pasa en el mundo.<\/p>\n<p><strong>Del 18 al 26 de noviembre lo mejor del cine documental se da cita en Montaverner.<\/strong><\/p>\n<p style=\"text-align: justify;\"><em><span style=\"color: #008080;\">Pulse sobre el cartel para ampliar<\/span><\/em><strong><\/strong><\/p>\n<p><a href=\"https:\/\/drive.google.com\/file\/d\/0B3XHouFxEaSeYXg1XzZTTElrNUE\/view\" target=\"_blank\"><img loading=\"lazy\" class=\"aligncenter size-full wp-image-15041\" title=\"MON-DOC 2016\" src=\"http:\/\/www.portaldelolleria.es\/wp-content\/uploads\/2016\/11\/MON-DOC-2016.jpg\" alt=\"\" width=\"598\" height=\"862\" srcset=\"http:\/\/www.portaldelolleria.es\/wp-content\/uploads\/2016\/11\/MON-DOC-2016.jpg 598w, http:\/\/www.portaldelolleria.es\/wp-content\/uploads\/2016\/11\/MON-DOC-2016-208x300.jpg 208w\" sizes=\"(max-width: 598px) 100vw, 598px\" \/><\/a><\/p>\n","protected":false},"excerpt":{"rendered":"<p>\u00a0Ajuntament de Montaverner, 4 de noviembre de 2016 MON \u00b7 DOC 2016 presenta su programaci\u00f3n. La 8\u00aa edici\u00f3n del festival de documentales de Montaverner abrir\u00e1 con un Oscar y cerrar\u00e1 con un Goya. La Concejal\u00eda de Cultura del Ayuntamiento de Montaverner ha publicado la programaci\u00f3n de MON \u00b7 DOC 2016, que arrancar\u00e1 el viernes 18 [&hellip;]<\/p>\n","protected":false},"author":1,"featured_media":0,"comment_status":"closed","ping_status":"open","sticky":false,"template":"","format":"standard","meta":{"_monsterinsights_skip_tracking":false,"_monsterinsights_sitenote_active":false,"_monsterinsights_sitenote_note":"","_monsterinsights_sitenote_category":0},"categories":[789,12],"tags":[],"_links":{"self":[{"href":"http:\/\/www.portaldelolleria.es\/index.php?rest_route=\/wp\/v2\/posts\/15040"}],"collection":[{"href":"http:\/\/www.portaldelolleria.es\/index.php?rest_route=\/wp\/v2\/posts"}],"about":[{"href":"http:\/\/www.portaldelolleria.es\/index.php?rest_route=\/wp\/v2\/types\/post"}],"author":[{"embeddable":true,"href":"http:\/\/www.portaldelolleria.es\/index.php?rest_route=\/wp\/v2\/users\/1"}],"replies":[{"embeddable":true,"href":"http:\/\/www.portaldelolleria.es\/index.php?rest_route=%2Fwp%2Fv2%2Fcomments&post=15040"}],"version-history":[{"count":3,"href":"http:\/\/www.portaldelolleria.es\/index.php?rest_route=\/wp\/v2\/posts\/15040\/revisions"}],"predecessor-version":[{"id":15045,"href":"http:\/\/www.portaldelolleria.es\/index.php?rest_route=\/wp\/v2\/posts\/15040\/revisions\/15045"}],"wp:attachment":[{"href":"http:\/\/www.portaldelolleria.es\/index.php?rest_route=%2Fwp%2Fv2%2Fmedia&parent=15040"}],"wp:term":[{"taxonomy":"category","embeddable":true,"href":"http:\/\/www.portaldelolleria.es\/index.php?rest_route=%2Fwp%2Fv2%2Fcategories&post=15040"},{"taxonomy":"post_tag","embeddable":true,"href":"http:\/\/www.portaldelolleria.es\/index.php?rest_route=%2Fwp%2Fv2%2Ftags&post=15040"}],"curies":[{"name":"wp","href":"https:\/\/api.w.org\/{rel}","templated":true}]}}