{"id":15163,"date":"2016-11-15T02:05:55","date_gmt":"2016-11-15T00:05:55","guid":{"rendered":"http:\/\/www.portaldelolleria.es\/?p=15163"},"modified":"2016-11-15T02:06:32","modified_gmt":"2016-11-15T00:06:32","slug":"la-economia-a-debate-en-la-semana-de-la-ciencia","status":"publish","type":"post","link":"http:\/\/www.portaldelolleria.es\/?p=15163","title":{"rendered":"La econom\u00eda a debate  en la Semana de la Ciencia"},"content":{"rendered":"<p><a href=\"http:\/\/www.portaldelolleria.es\/wp-content\/uploads\/2016\/11\/DSC_0089.jpg\"><img loading=\"lazy\" class=\"aligncenter size-full wp-image-15164\" title=\"DSC_0089\" src=\"http:\/\/www.portaldelolleria.es\/wp-content\/uploads\/2016\/11\/DSC_0089.jpg\" alt=\"\" width=\"598\" height=\"399\" srcset=\"http:\/\/www.portaldelolleria.es\/wp-content\/uploads\/2016\/11\/DSC_0089.jpg 598w, http:\/\/www.portaldelolleria.es\/wp-content\/uploads\/2016\/11\/DSC_0089-300x200.jpg 300w\" sizes=\"(max-width: 598px) 100vw, 598px\" \/><\/a><\/p>\n<p>&nbsp;<\/p>\n<p style=\"text-align: justify;\">La econom\u00eda a debate\u00a0 en la Semana de la Ciencia<\/p>\n<p style=\"text-align: justify;\"><strong>El economista Don Jos\u00e9 Carlos D\u00edez ha impartido la conferencia \u201cLa desigualdad econ\u00f3mica, el mayor reto del siglo XXI\u201d<\/strong><\/p>\n<p style=\"text-align: justify;\">La Sala de Grados Roberto Garc\u00eda Pay\u00e1 de este Campus d\u2019Alcoi de la Universitat Polit\u00e8cnica de Val\u00e8ncia, ha acogido ayer por la tarde,\u00a0 la conferencia \u00a0\u201cLa desigualdad econ\u00f3mica, el mayor reto del siglo XXI\u201d impartida por Don <strong>Jos\u00e9 Carlos D\u00edez<\/strong>, \u00a0\u00fanica actividad programa para esta segunda semana.<\/p>\n<p style=\"text-align: justify;\"><strong>La conferencia:<\/strong> <strong>\u201cLa desigualdad econ\u00f3mica, el mayor reto del siglo XXI\u201d<\/strong><strong><\/strong><\/p>\n<p style=\"text-align: justify;\">La desigualdad econ\u00f3mica ha alcanzado niveles nunca antes vistos en los pa\u00edses desarrollados particularmente. El origen de la desigualdad est\u00e1 en las pol\u00edticas econ\u00f3micos neoliberales de principios de los ochenta, y est\u00e1 propiciando que unos cuantos tengan mayor bienestar a costa del progreso econ\u00f3mico de la sociedad. La desigualdad es un fen\u00f3meno global con soluciones que deben ser locales. El reto estriba en desarrollar un modelo econ\u00f3mico, basado en la investigaci\u00f3n y la innovaci\u00f3n, que cree empleo y distribuya la riqueza de una manera m\u00e1s justa.<\/p>\n<p style=\"text-align: justify;\">Don Jos\u00e9 Carlos D\u00edez, estudi\u00f3 en la Universidad de Alcal\u00e1, donde actualmente trabaja como profesor e investigador. Tambi\u00e9n ejerci\u00f3 la docencia en la Icade Business School hasta el verano de 2014.<\/p>\n<p style=\"text-align: justify;\">Fue tambi\u00e9n Economista Jefe de la sociedad de valores Intermoney. Actualmente, colabora como tertuliano en numerosos medios de comunicaci\u00f3n como las emisoras de radio Onda Cero y Cadena SER o la cadena de televisi\u00f3n La Sexta, tambi\u00e9n es columnista en el diario El Pa\u00eds. Public\u00f3, recientemente un libro titulado \u201cHay vida despu\u00e9s de la crisis: El economista observador\u201d.<\/p>\n<p style=\"text-align: justify;\"><strong>\u00a0<\/strong><\/p>\n<p style=\"text-align: justify;\"><strong>Programaci\u00f3n prevista para ma\u00f1ana<\/strong><\/p>\n<p style=\"text-align: justify;\">Cine F\u00f3rum. Naves misteriosas (Silent Running), a cargo de Don Virgilio Colomina, a partir de las 17:00h en la Sala de Grados Roberto Garc\u00eda Pay\u00e1 de este Campus d\u2019Alcoi de la UPV.<\/p>\n<p style=\"text-align: justify;\"><strong>Cambio en la programaci\u00f3n<\/strong><\/p>\n<p style=\"text-align: justify;\">La charla y degustaci\u00f3n: \u201cMaridaje: la poderosa influencia de nuestras papilas\u201d, prevista para ma\u00f1ana martes, pasar\u00e1 a celebrarse el pr\u00f3ximo viernes 18 de noviembre.<\/p>\n","protected":false},"excerpt":{"rendered":"<p>&nbsp; La econom\u00eda a debate\u00a0 en la Semana de la Ciencia El economista Don Jos\u00e9 Carlos D\u00edez ha impartido la conferencia \u201cLa desigualdad econ\u00f3mica, el mayor reto del siglo XXI\u201d La Sala de Grados Roberto Garc\u00eda Pay\u00e1 de este Campus d\u2019Alcoi de la Universitat Polit\u00e8cnica de Val\u00e8ncia, ha acogido ayer por la tarde,\u00a0 la conferencia [&hellip;]<\/p>\n","protected":false},"author":1,"featured_media":0,"comment_status":"closed","ping_status":"open","sticky":false,"template":"","format":"standard","meta":{"_monsterinsights_skip_tracking":false,"_monsterinsights_sitenote_active":false,"_monsterinsights_sitenote_note":"","_monsterinsights_sitenote_category":0},"categories":[12,1058],"tags":[],"_links":{"self":[{"href":"http:\/\/www.portaldelolleria.es\/index.php?rest_route=\/wp\/v2\/posts\/15163"}],"collection":[{"href":"http:\/\/www.portaldelolleria.es\/index.php?rest_route=\/wp\/v2\/posts"}],"about":[{"href":"http:\/\/www.portaldelolleria.es\/index.php?rest_route=\/wp\/v2\/types\/post"}],"author":[{"embeddable":true,"href":"http:\/\/www.portaldelolleria.es\/index.php?rest_route=\/wp\/v2\/users\/1"}],"replies":[{"embeddable":true,"href":"http:\/\/www.portaldelolleria.es\/index.php?rest_route=%2Fwp%2Fv2%2Fcomments&post=15163"}],"version-history":[{"count":2,"href":"http:\/\/www.portaldelolleria.es\/index.php?rest_route=\/wp\/v2\/posts\/15163\/revisions"}],"predecessor-version":[{"id":15166,"href":"http:\/\/www.portaldelolleria.es\/index.php?rest_route=\/wp\/v2\/posts\/15163\/revisions\/15166"}],"wp:attachment":[{"href":"http:\/\/www.portaldelolleria.es\/index.php?rest_route=%2Fwp%2Fv2%2Fmedia&parent=15163"}],"wp:term":[{"taxonomy":"category","embeddable":true,"href":"http:\/\/www.portaldelolleria.es\/index.php?rest_route=%2Fwp%2Fv2%2Fcategories&post=15163"},{"taxonomy":"post_tag","embeddable":true,"href":"http:\/\/www.portaldelolleria.es\/index.php?rest_route=%2Fwp%2Fv2%2Ftags&post=15163"}],"curies":[{"name":"wp","href":"https:\/\/api.w.org\/{rel}","templated":true}]}}