{"id":15198,"date":"2016-11-18T09:33:31","date_gmt":"2016-11-18T07:33:31","guid":{"rendered":"http:\/\/www.portaldelolleria.es\/?p=15198"},"modified":"2016-11-17T20:40:35","modified_gmt":"2016-11-17T18:40:35","slug":"el-mejor-cine-documental-un-ano-mas-en-montaverner","status":"publish","type":"post","link":"http:\/\/www.portaldelolleria.es\/?p=15198","title":{"rendered":"El mejor cine documental, un a\u00f1o m\u00e1s en Montaverner."},"content":{"rendered":"<p><a href=\"http:\/\/www.portaldelolleria.es\/wp-content\/uploads\/2016\/11\/mondoc20161.jpg\"><img loading=\"lazy\" class=\"aligncenter size-full wp-image-15200\" title=\"mondoc2016\" src=\"http:\/\/www.portaldelolleria.es\/wp-content\/uploads\/2016\/11\/mondoc20161.jpg\" alt=\"\" width=\"598\" height=\"398\" srcset=\"http:\/\/www.portaldelolleria.es\/wp-content\/uploads\/2016\/11\/mondoc20161.jpg 598w, http:\/\/www.portaldelolleria.es\/wp-content\/uploads\/2016\/11\/mondoc20161-300x199.jpg 300w\" sizes=\"(max-width: 598px) 100vw, 598px\" \/><\/a><\/p>\n<p>&nbsp;<\/p>\n<p><em><span style=\"color: #888888;\">\u00a0Ajuntament de Montaverner, 18 de noviembre de 2016<\/span><\/em><\/p>\n<p><strong>El mejor cine documental, un a\u00f1o m\u00e1s en Montaverner.<\/strong><br \/>\nCon la gala inaugural mujer comienzo esta tarde la 8\u00aa edici\u00f3n de MON \u00b7 DOC.<\/p>\n<p>Hoy viernes el Auditorio Luis Peir\u00f3 de Montaverner acoger\u00e1 el acto inaugural de la Muestra de Cine Documental de Montaverner, MON \u00b7 DOC. La gala ser\u00e1 conducida por la periodista Lydia Aren\u00f3s, y se espera que est\u00e9n presentes alcaldes y representantes de asociaciones de \u00e1mbito cultural de todo la Vall d&#8217;Albaida.<br \/>\nTras las intervenciones de las autoridades se proyectar\u00e1 un documental fuera de concurso. Para este a\u00f1o se ha optado por el documental pakistan\u00ed &#8216;A girl in the river: the price of Forgiveness&#8217;, ganador del Oscar 2016 al mejor corto documental y que no ha sido estrenado antes en nuestro pa\u00eds. El trabajo de la directora Sharmeen Obaid-Chinoy, habla de la dura realidad de los cr\u00edmenes de honor, por los que cada a\u00f1o mueren 1.000 mujeres en Pakist\u00e1n. As\u00ed MON \u00b7 DOC contin\u00faa apostando por el documental de calidad y reivindicativo, que permita a los espectadores conocer lo que pasa en el mundo que nos rodea.<br \/>\nA partir ma\u00f1ana ser\u00e1 el turno de los 9 trabajos (5 largos y 4 cortos) participantes en el Premio MON \u00b7 DOC, los cuales se proyectar\u00e1n en sesiones de entrada gratuita y en muchas de las cuales participar\u00e1n los directores para presentar sus documentales y debatir con los asistentes.<br \/>\nS\u00e1bado 26 se cerrar\u00e1 la 8\u00aa edici\u00f3n de MON \u00b7 DOC con la entrega de premios, acto que volver\u00e1 a presentar Lydia Aren\u00f3s, y en el que estar\u00e1n representantes de la Diputaci\u00f3n de Valencia, Culturarts y la Filmoteca. Durante la clausura se proyectar\u00e1 el documental &#8216;Hijos de la Tierra&#8217;, Goya 2016 al mejor corto documental, el cual ser\u00e1 presentado por Sandra Iraizoz, directora de producci\u00f3n del mismo.<br \/>\nDolores Andr\u00e9s, Concejala de Cultura, se mostr\u00f3 muy satisfecha porque, aunque ha supuesto un gran esfuerzo por parte de todas las personas implicadas en la organizaci\u00f3n, la muestra de documentales es ya una realidad y a\u00f1o tras a\u00f1o se consolida dentro del panorama de festivales de cine de la Comunidad.<br \/>\nCon una programaci\u00f3n variada, pero de calidad y con esp\u00edritu de reflexi\u00f3n, un a\u00f1o m\u00e1s se vuelve a abrir en Montaverner una ventana al mundo llamada MON \u00b7 DOC.<\/p>\n<p style=\"text-align: justify;\"><a href=\"http:\/\/www.portaldelolleria.es\/wp-content\/uploads\/2016\/11\/MON-DOC-20161.jpg\"><img loading=\"lazy\" class=\"aligncenter size-full wp-image-15199\" title=\"MON-DOC 2016\" src=\"http:\/\/www.portaldelolleria.es\/wp-content\/uploads\/2016\/11\/MON-DOC-20161.jpg\" alt=\"\" width=\"598\" height=\"862\" srcset=\"http:\/\/www.portaldelolleria.es\/wp-content\/uploads\/2016\/11\/MON-DOC-20161.jpg 598w, http:\/\/www.portaldelolleria.es\/wp-content\/uploads\/2016\/11\/MON-DOC-20161-208x300.jpg 208w\" sizes=\"(max-width: 598px) 100vw, 598px\" \/><\/a><\/p>\n","protected":false},"excerpt":{"rendered":"<p>&nbsp; \u00a0Ajuntament de Montaverner, 18 de noviembre de 2016 El mejor cine documental, un a\u00f1o m\u00e1s en Montaverner. Con la gala inaugural mujer comienzo esta tarde la 8\u00aa edici\u00f3n de MON \u00b7 DOC. Hoy viernes el Auditorio Luis Peir\u00f3 de Montaverner acoger\u00e1 el acto inaugural de la Muestra de Cine Documental de Montaverner, MON \u00b7 [&hellip;]<\/p>\n","protected":false},"author":1,"featured_media":0,"comment_status":"closed","ping_status":"open","sticky":false,"template":"","format":"standard","meta":{"_monsterinsights_skip_tracking":false,"_monsterinsights_sitenote_active":false,"_monsterinsights_sitenote_note":"","_monsterinsights_sitenote_category":0},"categories":[789,12],"tags":[],"_links":{"self":[{"href":"http:\/\/www.portaldelolleria.es\/index.php?rest_route=\/wp\/v2\/posts\/15198"}],"collection":[{"href":"http:\/\/www.portaldelolleria.es\/index.php?rest_route=\/wp\/v2\/posts"}],"about":[{"href":"http:\/\/www.portaldelolleria.es\/index.php?rest_route=\/wp\/v2\/types\/post"}],"author":[{"embeddable":true,"href":"http:\/\/www.portaldelolleria.es\/index.php?rest_route=\/wp\/v2\/users\/1"}],"replies":[{"embeddable":true,"href":"http:\/\/www.portaldelolleria.es\/index.php?rest_route=%2Fwp%2Fv2%2Fcomments&post=15198"}],"version-history":[{"count":2,"href":"http:\/\/www.portaldelolleria.es\/index.php?rest_route=\/wp\/v2\/posts\/15198\/revisions"}],"predecessor-version":[{"id":15202,"href":"http:\/\/www.portaldelolleria.es\/index.php?rest_route=\/wp\/v2\/posts\/15198\/revisions\/15202"}],"wp:attachment":[{"href":"http:\/\/www.portaldelolleria.es\/index.php?rest_route=%2Fwp%2Fv2%2Fmedia&parent=15198"}],"wp:term":[{"taxonomy":"category","embeddable":true,"href":"http:\/\/www.portaldelolleria.es\/index.php?rest_route=%2Fwp%2Fv2%2Fcategories&post=15198"},{"taxonomy":"post_tag","embeddable":true,"href":"http:\/\/www.portaldelolleria.es\/index.php?rest_route=%2Fwp%2Fv2%2Ftags&post=15198"}],"curies":[{"name":"wp","href":"https:\/\/api.w.org\/{rel}","templated":true}]}}