{"id":1523,"date":"2012-10-25T17:21:35","date_gmt":"2012-10-25T16:21:35","guid":{"rendered":"http:\/\/www.portaldelolleria.es\/?p=1523"},"modified":"2012-10-25T17:53:00","modified_gmt":"2012-10-25T16:53:00","slug":"la-casa-del-terror-de-lolleria-preparada-para-recibir-nuevos-huespedes","status":"publish","type":"post","link":"http:\/\/www.portaldelolleria.es\/?p=1523","title":{"rendered":"La Casa del Terror  de l&#8217;Olleria, preparada para recibir nuevos \u00abhuespedes\u00bb"},"content":{"rendered":"<p><a href=\"http:\/\/www.portaldelolleria.es\/wp-content\/uploads\/2012\/10\/terror600.jpg\"><img loading=\"lazy\" class=\"aligncenter size-full wp-image-1527\" title=\"terror600\" src=\"http:\/\/www.portaldelolleria.es\/wp-content\/uploads\/2012\/10\/terror600.jpg\" alt=\"\" width=\"598\" height=\"398\" srcset=\"http:\/\/www.portaldelolleria.es\/wp-content\/uploads\/2012\/10\/terror600.jpg 598w, http:\/\/www.portaldelolleria.es\/wp-content\/uploads\/2012\/10\/terror600-300x199.jpg 300w\" sizes=\"(max-width: 598px) 100vw, 598px\" \/><\/a><\/p>\n<p>Vuelve la Casa del Terror, todo un cl\u00e1sico en\u00a0 la Fira de l&#8217;Olleria\u00a0 con novedades s\u00f3lo desvelables para los adictos y otros \u00abvalientes\u00bb dispuestos a entrar en ella.\u00a0 Como todos los a\u00f1os\u00a0 La Banda de Cornetas y Tambores del Stmo. Crist de la Palma,\u00a0 grupo organizador de la \u00abCasa del Terror\u00bb,\u00a0 prepara con toda la ilusi\u00f3n (y profesionalidad) el evento, con el fin de volver a sorprender (y si se puede asustar)\u00a0 a la legi\u00f3n de fieles que a\u00f1o tras a\u00f1o,\u00a0 valoran y premian\u00a0 esta atracci\u00f3n\/espect\u00e1culo.<\/p>\n<p><a href=\"http:\/\/www.portaldelolleria.es\/wp-content\/uploads\/2012\/10\/terrorgrupo.jpg\"><img loading=\"lazy\" class=\"aligncenter size-full wp-image-1526\" title=\"terrorgrupo\" src=\"http:\/\/www.portaldelolleria.es\/wp-content\/uploads\/2012\/10\/terrorgrupo.jpg\" alt=\"\" width=\"598\" height=\"398\" srcset=\"http:\/\/www.portaldelolleria.es\/wp-content\/uploads\/2012\/10\/terrorgrupo.jpg 598w, http:\/\/www.portaldelolleria.es\/wp-content\/uploads\/2012\/10\/terrorgrupo-300x199.jpg 300w\" sizes=\"(max-width: 598px) 100vw, 598px\" \/><\/a><\/p>\n<p>Se podr\u00eda pensar, que esta idea surge de ver atracciones similares en alguna feria o parque tem\u00e1tico, pero nada m\u00e1s lejos de la ficci\u00f3n. \u00a0 La idea surgi\u00f3 en las Fiestas Patronales de Ibi,\u00a0 cuando en alg\u00fan desplazamiento de la Banda de Cornetas ten\u00edan quedarse a dormir.\u00a0 El lugar para pasar la noche era una casa antigua. Acabadas las actuaciones,\u00a0 hac\u00edan un recorrido por la casa,\u00a0 hecho que aprovechaban los m\u00e1s veteranos,\u00a0 para esconderse y asustar al resto (angelitos \u00a1\u00a1\u00a1).\u00a0 La diversi\u00f3n estaba garantizada de forma espont\u00e1nea y desde ahi, se propuso la idea de llevarlo a cabo en l&#8217;Olleria.\u00a0\u00a0 La feliz idea se ha convertido en todo un \u00e9xito,\u00a0 siendo unos de los reclamos,\u00a0 dentro de la Fira m\u00e1s importantes,\u00a0 incluso para vecinos de otras poblaciones, que se desplazan a prop\u00f3sito a l&#8217;Olleria para visitar \u00abla Casa\u00bb y\u00a0 poner a prueba sus pulsaciones. Los a\u00f1os y la experiencia, les ha permitido perfeccionar la idea hasta lo que \u00e9s hoy en dia.<\/p>\n<p>&nbsp;<\/p>\n<p><a href=\"http:\/\/www.portaldelolleria.es\/wp-content\/uploads\/2012\/10\/terrornovia.jpg\"><img loading=\"lazy\" class=\"aligncenter size-full wp-image-1525\" title=\"terrornovia\" src=\"http:\/\/www.portaldelolleria.es\/wp-content\/uploads\/2012\/10\/terrornovia.jpg\" alt=\"\" width=\"598\" height=\"797\" srcset=\"http:\/\/www.portaldelolleria.es\/wp-content\/uploads\/2012\/10\/terrornovia.jpg 598w, http:\/\/www.portaldelolleria.es\/wp-content\/uploads\/2012\/10\/terrornovia-225x300.jpg 225w\" sizes=\"(max-width: 598px) 100vw, 598px\" \/><\/a><\/p>\n<p><span style=\"font-family: Arial;\"><span style=\"font-family: Arial;\">Un m\u00ednimo de 25 personas participan en el proyecto, para\u00a0desarrollar esta \u00abidea\u00bb,\u00a0 que lleva\u00a0 la friolera de 17 temporadas, en las que a\u00f1o tras a\u00f1o innovan el espect\u00e1culo para sorpresa de los que creian tenerlo todo visto. Todos estos a\u00f1os dan para muchas anecdotas,\u00a0 por mencionar algunas cuentan que en los principios de la Casa del Terror,\u00a0 \u00abalguien\u00bb,\u00a0 ten\u00eda que hacerse el muerto en mitad de un pasillo.\u00a0 Simplemente pernacer all\u00ed inmovil durante la funci\u00f3n.\u00a0 Despu\u00e9s de que su cuerpo fuese testigo del paso de \u00abtropecientas\u00bb personas y acabada la funci\u00f3n del d\u00eda,\u00a0 los componentes la banda lo hecharon en falta.\u00a0 Buscando lo encontraron en el mismo sitio\u00a0 donde permanecia inerte.\u00a0 Acerc\u00e1ndose m\u00e1s, se apreciaba una respiraci\u00f3n fuerte.\u00a0 El caso fu\u00e9 que practicamente\u00a0 este \u00abpersonaje\u00bb, se pas\u00f3 la funci\u00f3n poseido por el cansancio.\u00a0 Estuvo durmiendo varias horas sin percatarse de nada.<\/span><\/span><\/p>\n<p>Si usted est\u00e1 dentro y derepente se encienden todas las luces&#8230;&#8230;.\u00a0 no se preocupe,\u00a0 todos los a\u00f1os siempre hay como m\u00ednimo una persona (casi siempre la misma), que sufre un ataque de nervios,\u00a0 quiz\u00e1s se deba a que se lo recomendaron como ter\u00e1pia para superar alg\u00fan miedo,\u00a0\u00a0 el caso es que al final siempre acaba el \u00abrecorrido\u00bb y se rie del mal rato que ha pasado.<\/p>\n<p>Otra an\u00e9cdota memorable, es el de una presentadora de televisi\u00f3n, que todos los a\u00f1os tiene a bien visitar la \u00abCasa\u00bb para hacer un reportaje.\u00a0 La simp\u00e1tica presentadora\u00a0 desde la primera vez que vino, solo impone una condici\u00f3n&#8230;.\u00a0 todas las luces deben estar encendidas.\u00a0 Podr\u00eda deberse a un trauma infantil,\u00a0 pero nada m\u00e1s lejos de la realidad,\u00a0 tan solo es la consecuencia del \u00absusto\u00bb que recibi\u00f3 por parte de alg\u00fan componente de la banda en su primera visita a las instalaciones.<\/p>\n<p>Fuere como fuere, la Casa del Terror, tiene identidad propia y a d\u00eda de hoy, a\u00fan se desconoce quien se lo pasa mejor, si el visitante o el morador.\u00a0 Es una atracci\u00f3n completa en lo que a nivel de descarga de adrenalina se refiere, y desde estas l\u00edneas animamos a que una vez m\u00e1s se dejen abrazar por el terror, de la mano de esta siempre activa Banda de Cornetas y Tambores de l&#8217;Olleria<span style=\"font-family: Arial;\"><span style=\"font-family: Arial;\"><br \/>\n<\/span><\/span><\/p>\n<p>&nbsp;<\/p>\n<p><a href=\"http:\/\/www.portaldelolleria.es\/wp-content\/uploads\/2012\/10\/terrorcartel.jpg\"><img loading=\"lazy\" class=\"aligncenter size-full wp-image-1524\" title=\"terrorcartel\" src=\"http:\/\/www.portaldelolleria.es\/wp-content\/uploads\/2012\/10\/terrorcartel.jpg\" alt=\"\" width=\"598\" height=\"876\" srcset=\"http:\/\/www.portaldelolleria.es\/wp-content\/uploads\/2012\/10\/terrorcartel.jpg 598w, http:\/\/www.portaldelolleria.es\/wp-content\/uploads\/2012\/10\/terrorcartel-204x300.jpg 204w\" sizes=\"(max-width: 598px) 100vw, 598px\" \/><\/a><\/p>\n<p>&nbsp;<\/p>\n<p><iframe loading=\"lazy\" src=\"http:\/\/www.youtube.com\/embed\/RFwK0hu_TgI\" frameborder=\"0\" width=\"598\" height=\"449\"><\/iframe><\/p>\n","protected":false},"excerpt":{"rendered":"<p>Vuelve la Casa del Terror, todo un cl\u00e1sico en\u00a0 la Fira de l&#8217;Olleria\u00a0 con novedades s\u00f3lo desvelables para los adictos y otros \u00abvalientes\u00bb dispuestos a entrar en ella.\u00a0 Como todos los a\u00f1os\u00a0 La Banda de Cornetas y Tambores del Stmo. Crist de la Palma,\u00a0 grupo organizador de la \u00abCasa del Terror\u00bb,\u00a0 prepara con toda la [&hellip;]<\/p>\n","protected":false},"author":2,"featured_media":0,"comment_status":"closed","ping_status":"open","sticky":false,"template":"","format":"standard","meta":{"_monsterinsights_skip_tracking":false,"_monsterinsights_sitenote_active":false,"_monsterinsights_sitenote_note":"","_monsterinsights_sitenote_category":0},"categories":[3,12],"tags":[390,391],"_links":{"self":[{"href":"http:\/\/www.portaldelolleria.es\/index.php?rest_route=\/wp\/v2\/posts\/1523"}],"collection":[{"href":"http:\/\/www.portaldelolleria.es\/index.php?rest_route=\/wp\/v2\/posts"}],"about":[{"href":"http:\/\/www.portaldelolleria.es\/index.php?rest_route=\/wp\/v2\/types\/post"}],"author":[{"embeddable":true,"href":"http:\/\/www.portaldelolleria.es\/index.php?rest_route=\/wp\/v2\/users\/2"}],"replies":[{"embeddable":true,"href":"http:\/\/www.portaldelolleria.es\/index.php?rest_route=%2Fwp%2Fv2%2Fcomments&post=1523"}],"version-history":[{"count":11,"href":"http:\/\/www.portaldelolleria.es\/index.php?rest_route=\/wp\/v2\/posts\/1523\/revisions"}],"predecessor-version":[{"id":1548,"href":"http:\/\/www.portaldelolleria.es\/index.php?rest_route=\/wp\/v2\/posts\/1523\/revisions\/1548"}],"wp:attachment":[{"href":"http:\/\/www.portaldelolleria.es\/index.php?rest_route=%2Fwp%2Fv2%2Fmedia&parent=1523"}],"wp:term":[{"taxonomy":"category","embeddable":true,"href":"http:\/\/www.portaldelolleria.es\/index.php?rest_route=%2Fwp%2Fv2%2Fcategories&post=1523"},{"taxonomy":"post_tag","embeddable":true,"href":"http:\/\/www.portaldelolleria.es\/index.php?rest_route=%2Fwp%2Fv2%2Ftags&post=1523"}],"curies":[{"name":"wp","href":"https:\/\/api.w.org\/{rel}","templated":true}]}}