{"id":15289,"date":"2016-11-22T02:15:10","date_gmt":"2016-11-22T00:15:10","guid":{"rendered":"http:\/\/www.portaldelolleria.es\/?p=15289"},"modified":"2016-11-22T02:20:57","modified_gmt":"2016-11-22T00:20:57","slug":"mon-doc-cierra-un-exitoso-primer-fin-de-semana","status":"publish","type":"post","link":"http:\/\/www.portaldelolleria.es\/?p=15289","title":{"rendered":"MON-DOC cierra un exit\u00f3so primer fin de semana"},"content":{"rendered":"<p><a href=\"http:\/\/www.portaldelolleria.es\/wp-content\/uploads\/2016\/11\/Jordi-Gordon.jpg\"><img loading=\"lazy\" class=\"aligncenter size-full wp-image-15291\" title=\"Jordi Gordon\" src=\"http:\/\/www.portaldelolleria.es\/wp-content\/uploads\/2016\/11\/Jordi-Gordon.jpg\" alt=\"\" width=\"598\" height=\"449\" srcset=\"http:\/\/www.portaldelolleria.es\/wp-content\/uploads\/2016\/11\/Jordi-Gordon.jpg 598w, http:\/\/www.portaldelolleria.es\/wp-content\/uploads\/2016\/11\/Jordi-Gordon-300x225.jpg 300w\" sizes=\"(max-width: 598px) 100vw, 598px\" \/><\/a><\/p>\n<p style=\"text-align: justify;\"><span style=\"color: #808080;\"><em>Ajuntament de Montaverner, 21 de noviembre de 2016<\/em><\/span><\/p>\n<p style=\"text-align: justify;\">MON \u00b7 DOC cierra un exitoso primer fin de semana.<br \/>\nGran acogida por parte del p\u00fablico de los cinco documentales a concurso proyectados.<\/p>\n<p style=\"text-align: justify;\">Desde la Concejal\u00eda de Cultura del Ayuntamiento de Montaverner han informado de que, despu\u00e9s de los dos primeros d\u00edas de proyecciones de documentales participantes en el Premio MON \u00b7 DOC, el balance es muy satisfactorio y positivo. En las cinco sesiones programadas la media de espectadores ha sido de unos 50 asistentes por sesi\u00f3n, lo que duplica el n\u00famero de asistentes respecto al a\u00f1o pasado.<br \/>\nAdem\u00e1s los documentales han sido muy del gusto del p\u00fablico, lo que ha quedado patente especialmente en los dos sesiones en que se cont\u00f3 con un director invitado, ya que el p\u00fablico pregunt\u00f3 sobre los documentales y se estableci\u00f3 un coloquio posterior cada proyecci\u00f3n. Tanto Jordi Gordon como Oscar Moreno, directores de &#8216;\u00a1Dejadme llorar! El genocidio olvidado &#8216;y&#8217; Juana Biarn\u00e9s, una entre todos &#8216;, respectivamente, mostraron a los organizadores su admiraci\u00f3n por la encomiable trabajo que se est\u00e1 llevando a cabo desde Montaverner para la difusi\u00f3n del cine documental y agradecieron que un proyecto como MON \u00b7 DOC siga adelante.<br \/>\nLas proyecciones de los cuatro documentales restantes se har\u00e1n entre el jueves 24 y viernes 25 en dos sesiones diarias, a las 18.00h y las 20.00h. Ambos d\u00edas asistir\u00e1n invitados para presentar algunos de los trabajos programados. S\u00e1bado 26 se cerrar\u00e1 la edici\u00f3n 2016 de MON \u00b7 DOC con la entrega de premios, conducida por la periodista Lydia Arenoso, y la proyecci\u00f3n del documental ganador del Goya 2016 &#8216;Hijos de la Tierra&#8217;, que ser\u00e1 presentado por la directora de producci\u00f3n del mismo Sandra Iraizoz.<\/p>\n<p style=\"text-align: justify;\">____________________________________<\/p>\n<p style=\"text-align: justify;\" align=\"center\"><strong>MON\u00b7DOC tanca un exit\u00f3s primer cap de setmana.<\/strong><\/p>\n<p style=\"text-align: justify;\" align=\"center\"><strong><em>Gran acollida per part del p\u00fablic dels cinc documentals a concurs projectats.<\/em><\/strong><\/p>\n<p style=\"text-align: justify;\" align=\"center\"><strong><em>\u00a0<\/em><\/strong><\/p>\n<p style=\"text-align: justify;\"><span style=\"color: #800000;\">Des de la Regidoria de Cultura de l\u2019Ajuntament de Montaverner han informat que, despr\u00e9s dels dos primers dies de projeccions de documentals participants al Premi MON\u00b7DOC, el balan\u00e7 \u00e9s molt satisfactori i positiu. En les cinc sessions programades la mitjana d\u2019espectadors ha estat d\u2019uns 50 assistents per sessi\u00f3, cosa que duplica el n\u00famero d\u2019assistents respecte l\u2019any passat.<\/span><\/p>\n<p style=\"text-align: justify;\"><span style=\"color: #800000;\">A m\u00e9s els documentals han sigut molt del gust del p\u00fablic, cosa que ha quedat palesa especialment en els dues sessions en que es va comptar amb un director convidat, ja que el p\u00fablic va preguntar sobre els documentals i es va establir un col\u00b7loqui posterior a cada projecci\u00f3. Tant Jordi Gordon com \u00d2scar Moreno, directors de \u2018<em>\u00a1Dejadme llorar! El genocidio olvidado\u2019<\/em> i \u2018<em>Joana Biarn\u00e9s, una entre tots\u2019, <\/em>respectivament,<em> <\/em>van mostrar als organitzadors la seua admiraci\u00f3 per l\u2019encomiable treball que s\u2019est\u00e0 portant a terme des de Montaverner per a la difusi\u00f3 del cine documental i van agrair que un projecte com MON\u00b7DOC continue endavant.<\/span><\/p>\n<p style=\"text-align: justify;\"><span style=\"color: #800000;\">Les projeccions dels quatre documentals restants es faran entre dijous 24 i divendres 25 en dues sessions di\u00e0ries, a les 18.00h i a les 20.00h. Tots dos dies hi assistiran convidats per presentar alguns dels treballs programats. Dissabte 26 es tancar\u00e0 l\u2019edici\u00f3 2016 de MON\u00b7DOC amb l\u2019entrega de premis, condu\u00efda per la periodista Lydia Aren\u00f3s, i la projecci\u00f3 del documental guanyador del Goya 2016 <em>\u2018Hijos de la Tierra\u2019<\/em>, que ser\u00e0 presentat per la directora de producci\u00f3 del mateix Sandra Iraizoz.<\/span><\/p>\n<p style=\"text-align: justify;\"><a href=\"http:\/\/www.portaldelolleria.es\/wp-content\/uploads\/2016\/11\/\u00d2scar-Moreno.jpg\"><img loading=\"lazy\" class=\"aligncenter size-full wp-image-15290\" title=\"\u00d2scar Moreno\" src=\"http:\/\/www.portaldelolleria.es\/wp-content\/uploads\/2016\/11\/\u00d2scar-Moreno.jpg\" alt=\"\" width=\"598\" height=\"449\" srcset=\"http:\/\/www.portaldelolleria.es\/wp-content\/uploads\/2016\/11\/\u00d2scar-Moreno.jpg 598w, http:\/\/www.portaldelolleria.es\/wp-content\/uploads\/2016\/11\/\u00d2scar-Moreno-300x225.jpg 300w\" sizes=\"(max-width: 598px) 100vw, 598px\" \/><\/a><\/p>\n","protected":false},"excerpt":{"rendered":"<p>Ajuntament de Montaverner, 21 de noviembre de 2016 MON \u00b7 DOC cierra un exitoso primer fin de semana. Gran acogida por parte del p\u00fablico de los cinco documentales a concurso proyectados. Desde la Concejal\u00eda de Cultura del Ayuntamiento de Montaverner han informado de que, despu\u00e9s de los dos primeros d\u00edas de proyecciones de documentales participantes [&hellip;]<\/p>\n","protected":false},"author":1,"featured_media":0,"comment_status":"closed","ping_status":"open","sticky":false,"template":"","format":"standard","meta":{"_monsterinsights_skip_tracking":false,"_monsterinsights_sitenote_active":false,"_monsterinsights_sitenote_note":"","_monsterinsights_sitenote_category":0},"categories":[789,12],"tags":[],"_links":{"self":[{"href":"http:\/\/www.portaldelolleria.es\/index.php?rest_route=\/wp\/v2\/posts\/15289"}],"collection":[{"href":"http:\/\/www.portaldelolleria.es\/index.php?rest_route=\/wp\/v2\/posts"}],"about":[{"href":"http:\/\/www.portaldelolleria.es\/index.php?rest_route=\/wp\/v2\/types\/post"}],"author":[{"embeddable":true,"href":"http:\/\/www.portaldelolleria.es\/index.php?rest_route=\/wp\/v2\/users\/1"}],"replies":[{"embeddable":true,"href":"http:\/\/www.portaldelolleria.es\/index.php?rest_route=%2Fwp%2Fv2%2Fcomments&post=15289"}],"version-history":[{"count":3,"href":"http:\/\/www.portaldelolleria.es\/index.php?rest_route=\/wp\/v2\/posts\/15289\/revisions"}],"predecessor-version":[{"id":15293,"href":"http:\/\/www.portaldelolleria.es\/index.php?rest_route=\/wp\/v2\/posts\/15289\/revisions\/15293"}],"wp:attachment":[{"href":"http:\/\/www.portaldelolleria.es\/index.php?rest_route=%2Fwp%2Fv2%2Fmedia&parent=15289"}],"wp:term":[{"taxonomy":"category","embeddable":true,"href":"http:\/\/www.portaldelolleria.es\/index.php?rest_route=%2Fwp%2Fv2%2Fcategories&post=15289"},{"taxonomy":"post_tag","embeddable":true,"href":"http:\/\/www.portaldelolleria.es\/index.php?rest_route=%2Fwp%2Fv2%2Ftags&post=15289"}],"curies":[{"name":"wp","href":"https:\/\/api.w.org\/{rel}","templated":true}]}}