{"id":15362,"date":"2016-11-26T12:11:52","date_gmt":"2016-11-26T10:11:52","guid":{"rendered":"http:\/\/www.portaldelolleria.es\/?p=15362"},"modified":"2016-11-26T21:34:27","modified_gmt":"2016-11-26T19:34:27","slug":"montaverner-clausura-la-8%c2%aa-muestra-de-documentales","status":"publish","type":"post","link":"http:\/\/www.portaldelolleria.es\/?p=15362","title":{"rendered":"Montaverner clausura la 8\u00aa Muestra de Documentales."},"content":{"rendered":"<p><a href=\"http:\/\/www.portaldelolleria.es\/wp-content\/uploads\/2016\/11\/mondoc.jpg\"><img loading=\"lazy\" class=\"aligncenter size-full wp-image-15363\" title=\"mondoc\" src=\"http:\/\/www.portaldelolleria.es\/wp-content\/uploads\/2016\/11\/mondoc.jpg\" alt=\"\" width=\"598\" height=\"399\" srcset=\"http:\/\/www.portaldelolleria.es\/wp-content\/uploads\/2016\/11\/mondoc.jpg 598w, http:\/\/www.portaldelolleria.es\/wp-content\/uploads\/2016\/11\/mondoc-300x200.jpg 300w\" sizes=\"(max-width: 598px) 100vw, 598px\" \/><\/a><\/p>\n<p>&nbsp;<\/p>\n<p style=\"text-align: justify;\"><strong>Montaverner clausura la 8\u00aa Muestra de Documentales.<\/strong><br \/>\nEsta tarde el Auditorio Luis Peir\u00f3 acoger\u00e1 la entrega de los Premios MON \u00b7 DOC.<\/p>\n<p>La periodista Lydia Arenoso conducir\u00e1 la gala de clausura de MON \u00b7 DOC 2016, que se celebrar\u00e1 esta tarde a partir de las 19.00h en el auditorio de Montaverner. Durante la gala, que contar\u00e1 con la presencia del Diputado de Cultura, Xavier Rius, y del director de Culturart-IVAC, Jos\u00e9 Luis Moreno, entre otros invitados, se har\u00e1 entrega de los tres premios de este a\u00f1o: el Premio del P\u00fablico y los Premios MON \u00b7 DOC Mejor Largo y Corto Documental.<br \/>\nLa Concejala de Cultura, Dolores Andr\u00e9s, se ha mostrado muy satisfecha por la gran respuesta del p\u00fablico en esta edici\u00f3n, as\u00ed como por la participaci\u00f3n de los asistentes, tanto en los coloquios con los directores invitados como en las votaciones para el Premio del P\u00fablico . En general los documentales han sido muy del gusto de los espectadores de MON \u00b7 DOC, que as\u00ed lo han manifestado a la organizaci\u00f3n.<br \/>\nPara cerrar las proyecciones de MON \u00b7 DOC 2016 se ha programado el corto documental &#8216;Hijos de la Tierra&#8217;, galardonado con el Goya 2016 y que ser\u00e1 presentado en Montaverner por Sandra Iraizoz, productora del mismo. Este trabajo sobre c\u00f3mo el hombre explota los recursos de la Tierra invita al espectador a reflexionar sobre el sistema de salud actual y el respeto que hay que tener hacia la Madre Tierra.<br \/>\nMON \u00b7 DOC continuar\u00e1 trabajando para conseguir su objetivo de acercar el mejor cine documental a todos los espectador que se acercan a este peque\u00f1o municipio en el centro del Valle de Albaida. MON \u00b7 DOC seguir\u00e1 abriendo una ventana al mundo desde Montaverner.<\/p>\n","protected":false},"excerpt":{"rendered":"<p>&nbsp; Montaverner clausura la 8\u00aa Muestra de Documentales. Esta tarde el Auditorio Luis Peir\u00f3 acoger\u00e1 la entrega de los Premios MON \u00b7 DOC. La periodista Lydia Arenoso conducir\u00e1 la gala de clausura de MON \u00b7 DOC 2016, que se celebrar\u00e1 esta tarde a partir de las 19.00h en el auditorio de Montaverner. Durante la gala, [&hellip;]<\/p>\n","protected":false},"author":1,"featured_media":0,"comment_status":"closed","ping_status":"open","sticky":false,"template":"","format":"standard","meta":{"_monsterinsights_skip_tracking":false,"_monsterinsights_sitenote_active":false,"_monsterinsights_sitenote_note":"","_monsterinsights_sitenote_category":0},"categories":[789,12],"tags":[],"_links":{"self":[{"href":"http:\/\/www.portaldelolleria.es\/index.php?rest_route=\/wp\/v2\/posts\/15362"}],"collection":[{"href":"http:\/\/www.portaldelolleria.es\/index.php?rest_route=\/wp\/v2\/posts"}],"about":[{"href":"http:\/\/www.portaldelolleria.es\/index.php?rest_route=\/wp\/v2\/types\/post"}],"author":[{"embeddable":true,"href":"http:\/\/www.portaldelolleria.es\/index.php?rest_route=\/wp\/v2\/users\/1"}],"replies":[{"embeddable":true,"href":"http:\/\/www.portaldelolleria.es\/index.php?rest_route=%2Fwp%2Fv2%2Fcomments&post=15362"}],"version-history":[{"count":2,"href":"http:\/\/www.portaldelolleria.es\/index.php?rest_route=\/wp\/v2\/posts\/15362\/revisions"}],"predecessor-version":[{"id":15365,"href":"http:\/\/www.portaldelolleria.es\/index.php?rest_route=\/wp\/v2\/posts\/15362\/revisions\/15365"}],"wp:attachment":[{"href":"http:\/\/www.portaldelolleria.es\/index.php?rest_route=%2Fwp%2Fv2%2Fmedia&parent=15362"}],"wp:term":[{"taxonomy":"category","embeddable":true,"href":"http:\/\/www.portaldelolleria.es\/index.php?rest_route=%2Fwp%2Fv2%2Fcategories&post=15362"},{"taxonomy":"post_tag","embeddable":true,"href":"http:\/\/www.portaldelolleria.es\/index.php?rest_route=%2Fwp%2Fv2%2Ftags&post=15362"}],"curies":[{"name":"wp","href":"https:\/\/api.w.org\/{rel}","templated":true}]}}