{"id":1538,"date":"2012-10-25T17:11:47","date_gmt":"2012-10-25T16:11:47","guid":{"rendered":"http:\/\/www.portaldelolleria.es\/?p=1538"},"modified":"2012-10-25T17:21:55","modified_gmt":"2012-10-25T16:21:55","slug":"inaguracion-de-la-biblioteca-de-lolleria","status":"publish","type":"post","link":"http:\/\/www.portaldelolleria.es\/?p=1538","title":{"rendered":"Inaguraci\u00f3n de la Biblioteca de l&#8217;Olleria"},"content":{"rendered":"<p>Coincidiendo con el <em>D\u00eda de la Biblioteca<\/em>, L\u2019Olleria inauguraba su nueva Biblioteca P\u00fablica Municipal un acto que cont\u00f3 con la presencia del vicepresidente primero de la Diputaci\u00f3n de Valencia, Juan Jos\u00e9 Medina quien fue el encargado junto con el alcalde, Jos\u00e9 Vidal de realizar el descubrimiento de placa, acto con el que se iniciaba la inauguraci\u00f3n a la que le sigui\u00f3 la bendici\u00f3n a cargo del cura-p\u00e1rroco D. Emilio Esteve.<\/p>\n<p><a href=\"http:\/\/www.portaldelolleria.es\/wp-content\/uploads\/2012\/10\/bibliotecainaugu2.jpg\"><img loading=\"lazy\" class=\"aligncenter size-full wp-image-1539\" title=\"bibliotecainaugu2\" src=\"http:\/\/www.portaldelolleria.es\/wp-content\/uploads\/2012\/10\/bibliotecainaugu2.jpg\" alt=\"\" width=\"598\" height=\"398\" srcset=\"http:\/\/www.portaldelolleria.es\/wp-content\/uploads\/2012\/10\/bibliotecainaugu2.jpg 598w, http:\/\/www.portaldelolleria.es\/wp-content\/uploads\/2012\/10\/bibliotecainaugu2-300x199.jpg 300w\" sizes=\"(max-width: 598px) 100vw, 598px\" \/><\/a><\/p>\n<p>Posteriormente, el alcalde junto con el concejal de Cultura, Jes\u00fas Engo mostraron al vicepresidente, a varios miembros de la Corporaci\u00f3n Municipal y al numeroso n\u00famero de vecinos que no quisieron perderse el acto,\u00a0 las dependencias de las que consta la nueva biblioteca que tal y como subray\u00f3 el primer edil y el vicepresidente en sus intervenciones \u201cha contado con financiaci\u00f3n de la Diputaci\u00f3n a trav\u00e9s del PPOS de 2011, aportando el 57% de \u00a0la cantidad total de la obra, 104.890 euros, y el 43% restante el Ayuntamiento\u201d.<\/p>\n<p>Medina felicitaba al alcalde por \u201cel trabajo realizado en estas instalaciones que han dado como resultado una magnifica biblioteca, con mucha luz natural y con un magnifico y perfecto equipamiento\u201d.<\/p>\n<p>Por su parte, Vidal destacaba que \u201ctodos los trabajos, desde obra, instalaciones, acondicionamiento han sido realizadas por empresas y profesionales locales apoyando as\u00ed a nuestro sector econ\u00f3mico.\u201d\u00a0 No obstante, el primer edil iniciaba su discurso agradeciendo la presencia del vicepresidente \u201cen este acto inaugural as\u00ed como el apoyo de la Diputaci\u00f3n en este proyecto que ya es una realidad y en otros que lo ser\u00e1n en un futuro pr\u00f3ximo como la rotonda de la avenida Diputaci\u00f3n de Valencia, una obra muy esperada y necesaria para nuestro municipio cuyas obras, estoy seguro, se iniciaran en breve\u201d.<\/p>\n<p>\u201cLa nueva biblioteca se ha instalado en un local de propiedad municipal donde se albergaba el ret\u00e9n de la Polic\u00eda Local y el Juzgado de Paz que en 2010 se trasladaron al edificio del nuevo Ayuntamiento. Con esta nueva Biblioteca por una parte se mejora y moderniza un servicio \u00a0educativo y cultural b\u00e1sico para la poblaci\u00f3n y por la otra continua la pol\u00edtica de ahorro del gobierno municipal ya que se deja de pagar el alquiler del local donde estaba ubica hasta ahora suponiendo un ahorro para las arcas municipales de m\u00e1s de 17.000 euros anuales\u201d.<\/p>\n<p>Por otro lado, explic\u00f3 los departamentos en los que se divide la biblioteca asegurando que \u201cpara ver lo que ustedes est\u00e1n viendo ahora ha sido necesario remodelar por completo las instalaciones y adecuar el espacio a las necesidades de una biblioteca moderna que contin\u00fae acercando la cultura y el conocimiento a todos los ollerienses as\u00ed como facilitando el acceso a las nuevas tecnolog\u00edas, como internet, tanto desde los ordenadores de la propia biblioteca como a trav\u00e9s de wifi, de hecho desde el Ayuntamiento de L\u2019Olleria hemos querido reforzar estos servicios cada vez m\u00e1s importantes puesto que la crisis econ\u00f3mica que estamos padeciendo est\u00e1 provocando que muchas familias tengan dificultades para tener acceso a internet en casa, para comprar libros, prensa, revistas, y la cultura y la formaci\u00f3n es esencial para la sociedad por lo que el esfuerzo ha merecido la pena, y L\u2019Olleria ya puede disfrutar de una biblioteca con espacio de lectura de prensa y revistas, un espacio infantil, de estudio, un espacio local en el que poder encontrar publicaciones del municipio as\u00ed como, ordenadores con acceso a internet, wifi y por supuesto una gran colecci\u00f3n de libros en los que no faltan algunos de los \u00faltimos t\u00edtulos publicados\u201d.<\/p>\n<p>Igualmente, Jos\u00e9 Vidal quiso destacar \u201cla importante actividad que tiene nuestra biblioteca, ya que alberga a lo largo del a\u00f1o actividades infantiles de fomento de \u00a0la lectura, conscientes de la importancia que tiene el crear este h\u00e1bito desde peque\u00f1os, tambi\u00e9n se realizan campa\u00f1as de fidelizaci\u00f3n en colaboraci\u00f3n con los colegios de la localidad, la fiesta del libro, campa\u00f1as solidarias, presentaciones de libros y servicio de libros electr\u00f3nicos\u201d.<\/p>\n<p>Por \u00faltimo, Vidal aseguraba que \u201cla biblioteca tiene en el horizonte retos importantes como la incorporaci\u00f3n de contenidos digitales o el hecho de convertirse en un aut\u00e9ntico centro de conservaci\u00f3n y difusi\u00f3n de informaci\u00f3n local. La biblioteca de L\u2019Olleria encara estos retos y otros,\u00a0 con el convencimiento de continuar siendo \u00fatil para la ciudadan\u00eda\u201d.<\/p>\n<p>La inauguraci\u00f3n finalizaba con un cuenta cuentos para ni\u00f1os a cargo de Dani Miquel.<\/p>\n<p><a href=\"http:\/\/www.portaldelolleria.es\/wp-content\/uploads\/2012\/10\/bibliotecainaugu.jpg\"><img loading=\"lazy\" class=\"aligncenter size-full wp-image-1540\" title=\"bibliotecainaugu\" src=\"http:\/\/www.portaldelolleria.es\/wp-content\/uploads\/2012\/10\/bibliotecainaugu.jpg\" alt=\"\" width=\"598\" height=\"398\" srcset=\"http:\/\/www.portaldelolleria.es\/wp-content\/uploads\/2012\/10\/bibliotecainaugu.jpg 598w, http:\/\/www.portaldelolleria.es\/wp-content\/uploads\/2012\/10\/bibliotecainaugu-300x199.jpg 300w\" sizes=\"(max-width: 598px) 100vw, 598px\" \/><\/a><\/p>\n","protected":false},"excerpt":{"rendered":"<p>Coincidiendo con el D\u00eda de la Biblioteca, L\u2019Olleria inauguraba su nueva Biblioteca P\u00fablica Municipal un acto que cont\u00f3 con la presencia del vicepresidente primero de la Diputaci\u00f3n de Valencia, Juan Jos\u00e9 Medina quien fue el encargado junto con el alcalde, Jos\u00e9 Vidal de realizar el descubrimiento de placa, acto con el que se iniciaba la [&hellip;]<\/p>\n","protected":false},"author":2,"featured_media":0,"comment_status":"closed","ping_status":"open","sticky":false,"template":"","format":"standard","meta":{"_monsterinsights_skip_tracking":false,"_monsterinsights_sitenote_active":false,"_monsterinsights_sitenote_note":"","_monsterinsights_sitenote_category":0},"categories":[16,12],"tags":[41,20],"_links":{"self":[{"href":"http:\/\/www.portaldelolleria.es\/index.php?rest_route=\/wp\/v2\/posts\/1538"}],"collection":[{"href":"http:\/\/www.portaldelolleria.es\/index.php?rest_route=\/wp\/v2\/posts"}],"about":[{"href":"http:\/\/www.portaldelolleria.es\/index.php?rest_route=\/wp\/v2\/types\/post"}],"author":[{"embeddable":true,"href":"http:\/\/www.portaldelolleria.es\/index.php?rest_route=\/wp\/v2\/users\/2"}],"replies":[{"embeddable":true,"href":"http:\/\/www.portaldelolleria.es\/index.php?rest_route=%2Fwp%2Fv2%2Fcomments&post=1538"}],"version-history":[{"count":2,"href":"http:\/\/www.portaldelolleria.es\/index.php?rest_route=\/wp\/v2\/posts\/1538\/revisions"}],"predecessor-version":[{"id":1543,"href":"http:\/\/www.portaldelolleria.es\/index.php?rest_route=\/wp\/v2\/posts\/1538\/revisions\/1543"}],"wp:attachment":[{"href":"http:\/\/www.portaldelolleria.es\/index.php?rest_route=%2Fwp%2Fv2%2Fmedia&parent=1538"}],"wp:term":[{"taxonomy":"category","embeddable":true,"href":"http:\/\/www.portaldelolleria.es\/index.php?rest_route=%2Fwp%2Fv2%2Fcategories&post=1538"},{"taxonomy":"post_tag","embeddable":true,"href":"http:\/\/www.portaldelolleria.es\/index.php?rest_route=%2Fwp%2Fv2%2Ftags&post=1538"}],"curies":[{"name":"wp","href":"https:\/\/api.w.org\/{rel}","templated":true}]}}