{"id":1554,"date":"2012-10-29T10:54:56","date_gmt":"2012-10-29T09:54:56","guid":{"rendered":"http:\/\/www.portaldelolleria.es\/?p=1554"},"modified":"2012-10-29T19:35:19","modified_gmt":"2012-10-29T18:35:19","slug":"estela-oltra-subcampeona-de-espana","status":"publish","type":"post","link":"http:\/\/www.portaldelolleria.es\/?p=1554","title":{"rendered":"Estela Oltra   Subcampeona de Espa\u00f1a"},"content":{"rendered":"<p><strong>IMPRESIONANTE ACTUACION DE LOS DOS OLLERIENSES EN EL CAMPEONATO DE ESPA\u00d1A CADETE Y LA COPA DEL REY SENIOR<\/strong><\/p>\n<p><a href=\"http:\/\/www.portaldelolleria.es\/wp-content\/uploads\/2012\/10\/oscarsalamanca4.jpg\"><img loading=\"lazy\" class=\"aligncenter size-full wp-image-1555\" title=\"oscarsalamanca4\" src=\"http:\/\/www.portaldelolleria.es\/wp-content\/uploads\/2012\/10\/oscarsalamanca4.jpg\" alt=\"\" width=\"598\" height=\"398\" srcset=\"http:\/\/www.portaldelolleria.es\/wp-content\/uploads\/2012\/10\/oscarsalamanca4.jpg 598w, http:\/\/www.portaldelolleria.es\/wp-content\/uploads\/2012\/10\/oscarsalamanca4-300x199.jpg 300w\" sizes=\"(max-width: 598px) 100vw, 598px\" \/><\/a><\/p>\n<p>El pasado 27 y 28 de Octubre se celebro como estaba previsto en Gandia, el campeonato de Espa\u00f1a cadete en su edicion del 2012 y la XIX edicion de la\u00a0 Copa del Rey, Estela Oltra formaba parte de la Seleccion Cadete de la Comunidad Valenciana y en una actuacion impresionante y contra todo pronostico consiguio el Subcampeonato de Espa\u00f1a y con ello la medalla de Plata, se tuvo que enfrentar en su primer combate a\u00a0 Ainara Leon de Castilla la Mancha, el marcador mostraba un 3-0\u00a0 a favor de Estela cuando por lesion se tuvo que retirar la Manchega, en este combate Estela ya aviso que se lo estaba tomando muy enserio y con mucha concentracion,en cuartos la esperaba la Catalana Laura Gonzalez , Estela se impuso 9-6 y la llevaba directamente a semifinales donde se tendria que ver las caras con las siempre dificiles Gallegas en esta ocasion era Libia Estevez, el resultado lo dice todo, 14-2 a favor de Estela que paso como un huracan por encima de la Gallega, sue\u00f1o cumplido\u00a0 y la de Olleria estaba en la final, Laura Perez seria la otra finalista de Castilla y Leon y en esta ocasion no pudo ser, Estela caia por 14-5 pero se colgaba la medalla de Plata en su primer Nacional, bravo por Estela seguro que nos dara\u00a0 mas alegrias de este estilo.<\/p>\n<p><a href=\"http:\/\/www.portaldelolleria.es\/wp-content\/uploads\/2012\/10\/estelaoltra.jpg\"><img loading=\"lazy\" class=\"aligncenter size-full wp-image-1556\" title=\"estelaoltra\" src=\"http:\/\/www.portaldelolleria.es\/wp-content\/uploads\/2012\/10\/estelaoltra.jpg\" alt=\"\" width=\"598\" height=\"398\" srcset=\"http:\/\/www.portaldelolleria.es\/wp-content\/uploads\/2012\/10\/estelaoltra.jpg 598w, http:\/\/www.portaldelolleria.es\/wp-content\/uploads\/2012\/10\/estelaoltra-300x199.jpg 300w\" sizes=\"(max-width: 598px) 100vw, 598px\" \/><\/a><\/p>\n<p>El dia 28 le tocaba el turno a Oscar Salamanca, \u00bf\u00bf\u00bf su pretension???\u00a0 &#8230; tomar contacto con la competicion de elite de Espa\u00f1a y medirse contra los mejores taekwondistas Espa\u00f1oles, esos mismos que hacen que en cuestion de taekwondo Espa\u00f1a sea la segunda potencia mundial,entre otros se encontraban todos los componentes de la Seleccion\u00a0 Espa\u00f1ola\u00a0 con amplia experiencia internacional a sus espaldas pero empezo la competicion y el Olleriense se plantaba en cuartos para medirse con el representante de Castilla la Mancha Alejandro Fernandez , Oscar planteo un combate serio y muy concentrado lo que le llevo a la victoria por 5-2 y le metia en semifinales y por la lucha de las medallas, en semifinales le esperaba nada mas y nada menos que el internacional y componente de la seleccion Espa\u00f1ola el Madrile\u00f1o Adrian Cabo, esto es lo mismo que decir mas de 2 metros de competidor y mas de 87 kilos , Oscar vendio cara su derrota demostrando que esta ahi, su nivel en este momento el mismo que los que estan en un CAR\u00a0 y tienen su edad, cayo por 8-3 en un combate espectacular y muy bravo, se trajo para L&#8217;Olleria la medalla de Bronce en su primera convocatoria con la Seleccion Absoluta de la Comunidad Valenciana en un campeonato muy importante de Espa\u00f1a como es la copa del Rey.<\/p>\n<p>ENHORABUENA A LOS DOS.<\/p>\n<p>cr\u00f3nica taekowndo 29-10-12\u00a0 para portaldelolleria.es<\/p>\n","protected":false},"excerpt":{"rendered":"<p>IMPRESIONANTE ACTUACION DE LOS DOS OLLERIENSES EN EL CAMPEONATO DE ESPA\u00d1A CADETE Y LA COPA DEL REY SENIOR El pasado 27 y 28 de Octubre se celebro como estaba previsto en Gandia, el campeonato de Espa\u00f1a cadete en su edicion del 2012 y la XIX edicion de la\u00a0 Copa del Rey, Estela Oltra formaba parte [&hellip;]<\/p>\n","protected":false},"author":2,"featured_media":0,"comment_status":"closed","ping_status":"open","sticky":false,"template":"","format":"standard","meta":{"_monsterinsights_skip_tracking":false,"_monsterinsights_sitenote_active":false,"_monsterinsights_sitenote_note":"","_monsterinsights_sitenote_category":0},"categories":[9,12],"tags":[192,20,145,392],"_links":{"self":[{"href":"http:\/\/www.portaldelolleria.es\/index.php?rest_route=\/wp\/v2\/posts\/1554"}],"collection":[{"href":"http:\/\/www.portaldelolleria.es\/index.php?rest_route=\/wp\/v2\/posts"}],"about":[{"href":"http:\/\/www.portaldelolleria.es\/index.php?rest_route=\/wp\/v2\/types\/post"}],"author":[{"embeddable":true,"href":"http:\/\/www.portaldelolleria.es\/index.php?rest_route=\/wp\/v2\/users\/2"}],"replies":[{"embeddable":true,"href":"http:\/\/www.portaldelolleria.es\/index.php?rest_route=%2Fwp%2Fv2%2Fcomments&post=1554"}],"version-history":[{"count":7,"href":"http:\/\/www.portaldelolleria.es\/index.php?rest_route=\/wp\/v2\/posts\/1554\/revisions"}],"predecessor-version":[{"id":1573,"href":"http:\/\/www.portaldelolleria.es\/index.php?rest_route=\/wp\/v2\/posts\/1554\/revisions\/1573"}],"wp:attachment":[{"href":"http:\/\/www.portaldelolleria.es\/index.php?rest_route=%2Fwp%2Fv2%2Fmedia&parent=1554"}],"wp:term":[{"taxonomy":"category","embeddable":true,"href":"http:\/\/www.portaldelolleria.es\/index.php?rest_route=%2Fwp%2Fv2%2Fcategories&post=1554"},{"taxonomy":"post_tag","embeddable":true,"href":"http:\/\/www.portaldelolleria.es\/index.php?rest_route=%2Fwp%2Fv2%2Ftags&post=1554"}],"curies":[{"name":"wp","href":"https:\/\/api.w.org\/{rel}","templated":true}]}}