{"id":1583,"date":"2012-11-01T10:53:22","date_gmt":"2012-11-01T09:53:22","guid":{"rendered":"http:\/\/www.portaldelolleria.es\/?p=1583"},"modified":"2012-11-01T10:53:22","modified_gmt":"2012-11-01T09:53:22","slug":"la-xx-trobada-de-corals-de-la-vall-reune-a-cientos-de-personas-en-el-teatro-goya","status":"publish","type":"post","link":"http:\/\/www.portaldelolleria.es\/?p=1583","title":{"rendered":"La XX Trobada de Corals de la Vall  re\u00fane a cientos de personas en el Teatro Goya"},"content":{"rendered":"<p><a href=\"http:\/\/www.portaldelolleria.es\/wp-content\/uploads\/2012\/10\/xxtrobada.jpg\"><img loading=\"lazy\" class=\"aligncenter size-full wp-image-1584\" title=\"xxtrobada\" src=\"http:\/\/www.portaldelolleria.es\/wp-content\/uploads\/2012\/10\/xxtrobada.jpg\" alt=\"\" width=\"598\" height=\"398\" srcset=\"http:\/\/www.portaldelolleria.es\/wp-content\/uploads\/2012\/10\/xxtrobada.jpg 598w, http:\/\/www.portaldelolleria.es\/wp-content\/uploads\/2012\/10\/xxtrobada-300x199.jpg 300w\" sizes=\"(max-width: 598px) 100vw, 598px\" \/><\/a><\/p>\n<p><strong>La XX Trobada<\/strong><strong> de Corals de la Vall d\u2019Albaida re\u00fane a cientos de personas en el Teatro Goya de L\u2019Olleria<\/strong><\/p>\n<p><strong>\u00a0<\/strong><\/p>\n<p>Centenares de personas abarrotaron el Teatro Goya de L\u2019Olleria el pasado s\u00e1bado con motivo de la celebraci\u00f3n de la <em>XX Trobada<\/em><em> de Corals de la Vall d\u2019Albaida<\/em> organizada por la Mancomunitat de Municipis de la Vall d\u2019Albaida junto con el Ayuntamiento de L\u2019Olleria y la colaboraci\u00f3n de la coral de <em>l\u2019Escola musical Sta. Cec\u00edlia de L\u2019Olleria.<\/em><\/p>\n<p>Al acto no faltaron la Presidenta en funciones de la Mancomunitat, Rosa Adelina Vidal, el alcalde de la L\u2019Olleria, Jos\u00e9 Vidal, el conseller de Cultura de la Mancomunitat, Juli\u00e0 Engo, el concejal de cultura del Ayuntamiento de L\u2019Olleria, Jes\u00fas Engo as\u00ed como varios miembros de la Corporaci\u00f3n Municipal y numerosos alcaldes y concejales de la Comarca, adem\u00e1s de cientos de vecinos de L\u2019Olleria y resto de la Vall d\u2019Albaida que pudieron disfrutar de las canciones preparadas por las 10 corales participantes. L\u2019Olleria por primera vez ten\u00eda doble representaci\u00f3n, ya que actuaron el coro de <em>l&#8217;Agrupaci\u00f3 escola musical La Nova<\/em> y el coro de l\u2019<em>Escola musical Sta. Cec\u00edlia, <\/em>que fue el coro anfitri\u00f3n de la <em>Trobada.<\/em><\/p>\n<p>La jornada se iniciaba a las 6 de la tarde con un pasacalle de las corales participantes, que fueron la coral <em>Inesina de Benig\u00e0nim<\/em>, el coro <em>juvenil Sinen\u00f3mine de Benig\u00e0nim<\/em>, \u00a0<em>l\u2019Agrupaci\u00f3 vocal Clarialba<\/em> <em>de Montaverner<\/em> , <em>l<\/em>\u2019<em>Agrupaci\u00f3 coral de Castell\u00f3 de Rugat<\/em> , <em>l<\/em>\u2019<em>Agrupaci\u00f3 coral de Bocairent<\/em>, <em>l\u2019Associaci\u00f3 musicovocal Nou Orfe\u00f3 d\u2019Ontinyent, l\u2019Agrupaci\u00f3 vocal Eduardo Torres<\/em> <em>d\u2019Albaida<\/em>, <em>l<\/em>\u2019<em>Agrupaci\u00f3 coral Lloren\u00e7 Barber d\u2019Aielo de Malferit<\/em>, <em>l<\/em>\u2019<em>Agrupaci\u00f3 escola musical la Nova de L\u2019Olleria<\/em> y el coro de <em>l\u2019Escola musical Santa Cec\u00edlia de L\u2019Olleria<\/em> para despu\u00e9s a las 7 iniciarse el concierto.<\/p>\n<p>Y tras la entrega de detalles finalizaba el concierto con la interpretaci\u00f3n por parte de todas las corales de la canci\u00f3n <em>\u00c9s l\u2019hora dels ad\u00e9us <\/em>que estuvo dirigida<em> <\/em>por Pere Molina, director de la<em> SEM Sta.<\/em><em> Cec\u00edlia de L\u2019Olleria. <\/em><\/p>\n<p>&nbsp;<\/p>\n","protected":false},"excerpt":{"rendered":"<p>La XX Trobada de Corals de la Vall d\u2019Albaida re\u00fane a cientos de personas en el Teatro Goya de L\u2019Olleria \u00a0 Centenares de personas abarrotaron el Teatro Goya de L\u2019Olleria el pasado s\u00e1bado con motivo de la celebraci\u00f3n de la XX Trobada de Corals de la Vall d\u2019Albaida organizada por la Mancomunitat de Municipis de [&hellip;]<\/p>\n","protected":false},"author":2,"featured_media":0,"comment_status":"closed","ping_status":"open","sticky":false,"template":"","format":"standard","meta":{"_monsterinsights_skip_tracking":false,"_monsterinsights_sitenote_active":false,"_monsterinsights_sitenote_note":"","_monsterinsights_sitenote_category":0},"categories":[16,12],"tags":[20,380,209,279],"_links":{"self":[{"href":"http:\/\/www.portaldelolleria.es\/index.php?rest_route=\/wp\/v2\/posts\/1583"}],"collection":[{"href":"http:\/\/www.portaldelolleria.es\/index.php?rest_route=\/wp\/v2\/posts"}],"about":[{"href":"http:\/\/www.portaldelolleria.es\/index.php?rest_route=\/wp\/v2\/types\/post"}],"author":[{"embeddable":true,"href":"http:\/\/www.portaldelolleria.es\/index.php?rest_route=\/wp\/v2\/users\/2"}],"replies":[{"embeddable":true,"href":"http:\/\/www.portaldelolleria.es\/index.php?rest_route=%2Fwp%2Fv2%2Fcomments&post=1583"}],"version-history":[{"count":2,"href":"http:\/\/www.portaldelolleria.es\/index.php?rest_route=\/wp\/v2\/posts\/1583\/revisions"}],"predecessor-version":[{"id":1587,"href":"http:\/\/www.portaldelolleria.es\/index.php?rest_route=\/wp\/v2\/posts\/1583\/revisions\/1587"}],"wp:attachment":[{"href":"http:\/\/www.portaldelolleria.es\/index.php?rest_route=%2Fwp%2Fv2%2Fmedia&parent=1583"}],"wp:term":[{"taxonomy":"category","embeddable":true,"href":"http:\/\/www.portaldelolleria.es\/index.php?rest_route=%2Fwp%2Fv2%2Fcategories&post=1583"},{"taxonomy":"post_tag","embeddable":true,"href":"http:\/\/www.portaldelolleria.es\/index.php?rest_route=%2Fwp%2Fv2%2Ftags&post=1583"}],"curies":[{"name":"wp","href":"https:\/\/api.w.org\/{rel}","templated":true}]}}