{"id":16075,"date":"2017-02-04T13:02:25","date_gmt":"2017-02-04T11:02:25","guid":{"rendered":"http:\/\/www.portaldelolleria.es\/?p=16075"},"modified":"2017-02-07T13:09:41","modified_gmt":"2017-02-07T11:09:41","slug":"entrega-premios-vi-concurso-programacion-appinventor-modalidad-a","status":"publish","type":"post","link":"http:\/\/www.portaldelolleria.es\/?p=16075","title":{"rendered":"Entrega premios VI concurso  programaci\u00f3n AppInventor modalidad \u00abA\u00bb"},"content":{"rendered":"<p><a href=\"http:\/\/www.portaldelolleria.es\/wp-content\/uploads\/2017\/02\/upv-app-inventor.jpg\"><img loading=\"lazy\" class=\"aligncenter size-full wp-image-16076\" title=\"upv app inventor\" src=\"http:\/\/www.portaldelolleria.es\/wp-content\/uploads\/2017\/02\/upv-app-inventor.jpg\" alt=\"\" width=\"598\" height=\"399\" srcset=\"http:\/\/www.portaldelolleria.es\/wp-content\/uploads\/2017\/02\/upv-app-inventor.jpg 598w, http:\/\/www.portaldelolleria.es\/wp-content\/uploads\/2017\/02\/upv-app-inventor-300x200.jpg 300w\" sizes=\"(max-width: 598px) 100vw, 598px\" \/><\/a><\/p>\n<p><span style=\"color: #888888;\"><em>UPV Campus Alcoi, 4 de febrero de 2017<\/em><\/span><\/p>\n<p style=\"text-align: justify;\">Entregados los premios del VI Concurso de Programaci\u00f3n AppInventor modalidad \u201cA\u201d<\/p>\n<p style=\"text-align: justify;\">\u00b7 Los 138 alumnos participantes, representan a 11 centros educativos y han presentado 74 proyectos.<\/p>\n<p style=\"text-align: justify;\">El pasado viernes, ha tenido lugar en el Sal\u00f3n de Grados Roberto Garc\u00eda Pay\u00e1 de este Campus d\u2019Alcoi de la Universitat Polit\u00e8cnica de Val\u00e8ncia (UPV), la presentaci\u00f3n de proyectos y la posterior entrega de los premios correspondientes a la 6\u00aa edici\u00f3n del Concurso de Programaci\u00f3n mediante la herramienta App-Inventor en su modalidad A, actividad englobada dentro de la programaci\u00f3n habitual de la Semana de la Ciencia. El concurso, que organiza el Grado en Ingenier\u00eda Inform\u00e1tica de este campus, cuenta con la colaboraci\u00f3n de la C\u00e1tedra \u201cAlcoy Ciudad del Conocimiento\u201d firmada con el Ayuntamiento de Alcoy, la Diputaci\u00f3n Provincial de Alicante, el Programa de Generaci\u00f3n Espont\u00e1nea de la UPV, La Fundaci\u00f3n Espa\u00f1ola para la Ciencia y Tecnolog\u00eda (FECYT), con el patrocinio, un a\u00f1o m\u00e1s, de la empresa Diagram Software. Esta 6\u00aa edici\u00f3n en su modalidad \u201cA\u201d, ha contado con la participaci\u00f3n de 138 alumnos de 3\u00ba y 4\u00ba de ESO y de ciclos formativos de grado medio, pertenecientes a la familia profesional de inform\u00e1tica y comunicaciones, tutelados por 11 profesores, pertenecientes a 11 centros educativos de Alcoi (5), Cocentaina, Ibi, Ontinyent, Banyeres de la Mariola, Villena y San Vicente del Raspeig, presentado un total de 74 proyectos. Logrando, seg\u00fan la organizaci\u00f3n, un alto grado de calidad.<\/p>\n<p>Premiados<br \/>\n<strong><\/strong><\/p>\n<p><strong>Primer Premio:<\/strong><br \/>\n\u201cApp Asistente Diabetes\u201d<br \/>\nAutor: Christian L\u00f3pez Carretero<br \/>\nIES San Vicente<br \/>\nTutor: Javier Carrasco<br \/>\n<strong>Segundo Premio:<\/strong><br \/>\n\u201cApp NO al Bullying\u201d<br \/>\nAutores:<br \/>\nJordi Domenech Belda<br \/>\nJordi Beneyto Albero<br \/>\nIES Professor Manuel Broseta<br \/>\nTutor: Patricia P\u00e9rez Valles<\/p>\n<p><strong>Tercer Premio:<\/strong><br \/>\n\u201cApp Ituna \u2013 Calculadora parlamentaria\u201d<br \/>\nAutor: Ulisses Satorre L\u00f3pez<br \/>\nCIP FP Batoi<br \/>\nTutor: Josep Enric Aracil Llorens<br \/>\nCuarto Premio:<br \/>\n\u201cApp PhotoGIF App\u201d<br \/>\nAutor: Hugo Ruiz L\u00f3pez<br \/>\nIES Cotes Baixes<br \/>\nTutor: Daniel Pastor Peidr\u00f3<\/p>\n","protected":false},"excerpt":{"rendered":"<p>UPV Campus Alcoi, 4 de febrero de 2017 Entregados los premios del VI Concurso de Programaci\u00f3n AppInventor modalidad \u201cA\u201d \u00b7 Los 138 alumnos participantes, representan a 11 centros educativos y han presentado 74 proyectos. El pasado viernes, ha tenido lugar en el Sal\u00f3n de Grados Roberto Garc\u00eda Pay\u00e1 de este Campus d\u2019Alcoi de la Universitat [&hellip;]<\/p>\n","protected":false},"author":1,"featured_media":0,"comment_status":"closed","ping_status":"open","sticky":false,"template":"","format":"standard","meta":{"_monsterinsights_skip_tracking":false,"_monsterinsights_sitenote_active":false,"_monsterinsights_sitenote_note":"","_monsterinsights_sitenote_category":0},"categories":[12,1058],"tags":[],"_links":{"self":[{"href":"http:\/\/www.portaldelolleria.es\/index.php?rest_route=\/wp\/v2\/posts\/16075"}],"collection":[{"href":"http:\/\/www.portaldelolleria.es\/index.php?rest_route=\/wp\/v2\/posts"}],"about":[{"href":"http:\/\/www.portaldelolleria.es\/index.php?rest_route=\/wp\/v2\/types\/post"}],"author":[{"embeddable":true,"href":"http:\/\/www.portaldelolleria.es\/index.php?rest_route=\/wp\/v2\/users\/1"}],"replies":[{"embeddable":true,"href":"http:\/\/www.portaldelolleria.es\/index.php?rest_route=%2Fwp%2Fv2%2Fcomments&post=16075"}],"version-history":[{"count":2,"href":"http:\/\/www.portaldelolleria.es\/index.php?rest_route=\/wp\/v2\/posts\/16075\/revisions"}],"predecessor-version":[{"id":16078,"href":"http:\/\/www.portaldelolleria.es\/index.php?rest_route=\/wp\/v2\/posts\/16075\/revisions\/16078"}],"wp:attachment":[{"href":"http:\/\/www.portaldelolleria.es\/index.php?rest_route=%2Fwp%2Fv2%2Fmedia&parent=16075"}],"wp:term":[{"taxonomy":"category","embeddable":true,"href":"http:\/\/www.portaldelolleria.es\/index.php?rest_route=%2Fwp%2Fv2%2Fcategories&post=16075"},{"taxonomy":"post_tag","embeddable":true,"href":"http:\/\/www.portaldelolleria.es\/index.php?rest_route=%2Fwp%2Fv2%2Ftags&post=16075"}],"curies":[{"name":"wp","href":"https:\/\/api.w.org\/{rel}","templated":true}]}}