{"id":16080,"date":"2017-02-07T13:18:00","date_gmt":"2017-02-07T11:18:00","guid":{"rendered":"http:\/\/www.portaldelolleria.es\/?p=16080"},"modified":"2017-02-07T13:18:19","modified_gmt":"2017-02-07T11:18:19","slug":"investigadores-del-la-upv-alcoi-participan-en-innovador-estudio-contra-rayos-ultravioleta","status":"publish","type":"post","link":"http:\/\/www.portaldelolleria.es\/?p=16080","title":{"rendered":"Investigadores del la UPV Alcoi, participan en innovador estudio contra rayos ultravioleta."},"content":{"rendered":"<p><a href=\"http:\/\/www.portaldelolleria.es\/wp-content\/uploads\/2017\/02\/upv-ultravioleta.jpg\"><img loading=\"lazy\" class=\"aligncenter size-full wp-image-16081\" title=\"upv ultravioleta\" src=\"http:\/\/www.portaldelolleria.es\/wp-content\/uploads\/2017\/02\/upv-ultravioleta.jpg\" alt=\"\" width=\"598\" height=\"411\" srcset=\"http:\/\/www.portaldelolleria.es\/wp-content\/uploads\/2017\/02\/upv-ultravioleta.jpg 598w, http:\/\/www.portaldelolleria.es\/wp-content\/uploads\/2017\/02\/upv-ultravioleta-300x206.jpg 300w\" sizes=\"(max-width: 598px) 100vw, 598px\" \/><\/a><\/p>\n<p>&nbsp;<\/p>\n<p style=\"text-align: justify;\" align=\"center\"><strong>Un estudio confirma las propiedades fotoprotectoras de tejidos de algod\u00f3n tintados con extractos de t\u00e9<\/strong><\/p>\n<ul style=\"text-align: justify;\">\n<li style=\"text-align: left;\">La investigaci\u00f3n conjunta del Instituto de Investigaci\u00f3n Sanitaria La Fe y la UPV concluye que tintar telas con extractos de t\u00e9 protege de los rayos ultravioleta<\/li>\n<li style=\"text-align: left;\">El estudio, publicado en la revista <em>Dyes and Pigments<\/em>, abre la puerta al uso de tintes sin metales y respetuosos con el medio ambiente<\/li>\n<\/ul>\n<p style=\"text-align: justify;\">Tintar telas con extractos de t\u00e9 protege de los rayos ultravioleta. Esta es la principal conclusi\u00f3n de un estudio desarrollado por investigadores de la Universitat Polit\u00e8cnica de Val\u00e8ncia, pertenecientes al Grupo de Gesti\u00f3n Integral en la Industria Textil del campus de Alcoy, y el Instituto de Investigaci\u00f3n Sanitaria La Fe. El trabajo, que se ha publicado en la revista <em>Dyes and Pigments,<\/em> se ha desarrollado en el marco de las ayudas para la realizaci\u00f3n de proyectos conjuntos entre investigadores de la Universitat Polit\u00e8nica de Val\u00e8ncia y del IIS La Fe.<\/p>\n<p style=\"text-align: justify;\">El equipo de investigaci\u00f3n tint\u00f3 con tres variantes de t\u00e9 (verde, rojo y negro) telas de algod\u00f3n y analiz\u00f3 la capacidad fotoprotectora de los textiles resultantes. La tela de algod\u00f3n te\u00f1ida mediante ebullici\u00f3n con extracto de t\u00e9 rojo presentaba la protecci\u00f3n ultravioleta m\u00e1s alta, con un valor obtenido muy superior al de las otras muestras estudiadas. Con todo, las tres variantes de t\u00e9 ofrec\u00edan valores de fotoprotecci\u00f3n aceptables.<\/p>\n<p style=\"text-align: justify;\"><strong>Un factor de protecci\u00f3n de 50<\/strong><\/p>\n<p style=\"text-align: justify;\">Seg\u00fan explica Mar\u00eda \u00c1ngeles Bonet Aracil, del Grupo Gesti\u00f3n Integral en la Industria Textil del campus de Alcoy de la Universitat Polit\u00e8cnica de Val\u00e8ncia, los valores de fotoprotecci\u00f3n medidos se han basado en la misma normativa que se aplica, por ejemplo, para las cremas de protecci\u00f3n solar. \u201cEn el caso del t\u00e9 se ha podido determinar que se pueden alcanzar los valores m\u00e1ximos que determina la escala; es decir, que llega a un \u00edndice o factor de 50\u201d, apunta Bonet.<\/p>\n<p style=\"text-align: justify;\">Para la evaluaci\u00f3n de los extractos, los investigadores emplearon t\u00e9cnicas espectrofotom\u00e9tricas de caracterizaci\u00f3n y determinaron su capacidad antioxidante. \u201cUna vez aplicados sobre los tejidos, observamos el cambio de coloraci\u00f3n que experimenta el tejido y la capacidad de proteger frente a la radiaci\u00f3n ultravioleta\u201d, apunta la investigadora de la UPV.<\/p>\n<p style=\"text-align: justify;\"><strong>M\u00e1s respetuosa con el medio ambiente<\/strong><\/p>\n<p style=\"text-align: justify;\">Los resultados de la investigaci\u00f3n podr\u00edan llegar a ser una opci\u00f3n \u201cm\u00e1s respetuosa con el medio ambiente y comercializarse como alternativa a los textiles fotoprotectores actuales, que contienen metales\u201d, seg\u00fan comenta la doctora Natividad Sebasti\u00e0, del equipo investigador del IIS La Fe.<\/p>\n<p style=\"text-align: justify;\">Sobre su implantaci\u00f3n en la industria, los investigadores apuntan que no ser\u00edan necesarias adaptaciones extraordinarias, pues se podr\u00eda aplicar por procesos convencionales de los tratamientos en h\u00famedo de textiles, \u201ctanto por agotamiento como por impregnaci\u00f3n o incluso por pulverizaci\u00f3n\u201d, apunta Mar\u00eda \u00c1ngeles Bonet.<\/p>\n<p style=\"text-align: justify;\">Otro de los aspectos destacables del estudio es que abre la puerta a la revalorizaci\u00f3n de residuos de la industria alimenticia. \u201dNuestro objetivo no se centraba en la materia prima en s\u00ed, sino en los residuos que se generan una vez que se ha empleado por la industria alimenticia correspondiente. De este modo se est\u00e1 revalorizando el residuo y se funcionaliza los textiles dot\u00e1ndolos de nuevas propiedades\u201d, a\u00f1ade Mar\u00eda \u00c1ngeles Bonet.<\/p>\n<p style=\"text-align: justify;\">Adem\u00e1s, el trabajo de los investigadores de la UPV y el IIS La Fe abre la puerta a nuevas aplicaciones en indumentaria espec\u00edfica para personas con fotosensibilidad (urticaria solar, fotosensibilidad qu\u00edmica, pacientes con c\u00e1ncer).<\/p>\n","protected":false},"excerpt":{"rendered":"<p>&nbsp; Un estudio confirma las propiedades fotoprotectoras de tejidos de algod\u00f3n tintados con extractos de t\u00e9 La investigaci\u00f3n conjunta del Instituto de Investigaci\u00f3n Sanitaria La Fe y la UPV concluye que tintar telas con extractos de t\u00e9 protege de los rayos ultravioleta El estudio, publicado en la revista Dyes and Pigments, abre la puerta al [&hellip;]<\/p>\n","protected":false},"author":1,"featured_media":0,"comment_status":"closed","ping_status":"open","sticky":false,"template":"","format":"standard","meta":{"_monsterinsights_skip_tracking":false,"_monsterinsights_sitenote_active":false,"_monsterinsights_sitenote_note":"","_monsterinsights_sitenote_category":0},"categories":[12,1058],"tags":[],"_links":{"self":[{"href":"http:\/\/www.portaldelolleria.es\/index.php?rest_route=\/wp\/v2\/posts\/16080"}],"collection":[{"href":"http:\/\/www.portaldelolleria.es\/index.php?rest_route=\/wp\/v2\/posts"}],"about":[{"href":"http:\/\/www.portaldelolleria.es\/index.php?rest_route=\/wp\/v2\/types\/post"}],"author":[{"embeddable":true,"href":"http:\/\/www.portaldelolleria.es\/index.php?rest_route=\/wp\/v2\/users\/1"}],"replies":[{"embeddable":true,"href":"http:\/\/www.portaldelolleria.es\/index.php?rest_route=%2Fwp%2Fv2%2Fcomments&post=16080"}],"version-history":[{"count":2,"href":"http:\/\/www.portaldelolleria.es\/index.php?rest_route=\/wp\/v2\/posts\/16080\/revisions"}],"predecessor-version":[{"id":16083,"href":"http:\/\/www.portaldelolleria.es\/index.php?rest_route=\/wp\/v2\/posts\/16080\/revisions\/16083"}],"wp:attachment":[{"href":"http:\/\/www.portaldelolleria.es\/index.php?rest_route=%2Fwp%2Fv2%2Fmedia&parent=16080"}],"wp:term":[{"taxonomy":"category","embeddable":true,"href":"http:\/\/www.portaldelolleria.es\/index.php?rest_route=%2Fwp%2Fv2%2Fcategories&post=16080"},{"taxonomy":"post_tag","embeddable":true,"href":"http:\/\/www.portaldelolleria.es\/index.php?rest_route=%2Fwp%2Fv2%2Ftags&post=16080"}],"curies":[{"name":"wp","href":"https:\/\/api.w.org\/{rel}","templated":true}]}}