{"id":1624,"date":"2012-11-11T10:58:18","date_gmt":"2012-11-11T09:58:18","guid":{"rendered":"http:\/\/www.portaldelolleria.es\/?p=1624"},"modified":"2012-11-12T10:49:57","modified_gmt":"2012-11-12T09:49:57","slug":"el-maestro-pere-molina-deja-el-cargo-de-director-de-la-sem-sta-cecilia-de-lolleria","status":"publish","type":"post","link":"http:\/\/www.portaldelolleria.es\/?p=1624","title":{"rendered":"El Maestro Pere Molina deja el cargo de Director de la SEM Sta. Cecilia de L&#8217;Olleria"},"content":{"rendered":"<p><a href=\"http:\/\/www.portaldelolleria.es\/wp-content\/uploads\/2012\/11\/peremolina.jpg\"><img loading=\"lazy\" class=\"aligncenter size-full wp-image-1625\" title=\"peremolina\" src=\"http:\/\/www.portaldelolleria.es\/wp-content\/uploads\/2012\/11\/peremolina.jpg\" alt=\"\" width=\"598\" height=\"398\" srcset=\"http:\/\/www.portaldelolleria.es\/wp-content\/uploads\/2012\/11\/peremolina.jpg 598w, http:\/\/www.portaldelolleria.es\/wp-content\/uploads\/2012\/11\/peremolina-300x199.jpg 300w\" sizes=\"(max-width: 598px) 100vw, 598px\" \/><\/a><\/p>\n<p align=\"center\"><strong>EL MAESTRO PERE MOLINA DEJA EL CARGO DE DIRECTOR <\/strong><\/p>\n<p align=\"center\"><strong>DE LA SEM. SANTA CECILIA DE L\u2019OLLERIA<\/strong><\/p>\n<p>&nbsp;<\/p>\n<p>El 11 de junio de 2008, entrevistamos a Pere Molina con motivo de su toma de posesi\u00f3n como nuevo director titular de la SEM Santa Cecilia de L\u2019Oller\u00eda.<\/p>\n<p>En dicha entrevista, nos hablaba de la ilusi\u00f3n con la que se hac\u00eda cargo de la direcci\u00f3n, de sus proyectos, de mantener a la banda unida, de la participaci\u00f3n en alg\u00fan certamen\u2026<\/p>\n<p>Desde entonces han pasado poco m\u00e1s de cuatro a\u00f1os.<\/p>\n<p>&nbsp;<\/p>\n<p>El dejar el cargo como director de la SEM Santa Cecilia, ha causado sensaci\u00f3n dentro del \u00e1mbito musical local y por ello tratamos de averiguar los motivos.<\/p>\n<p>&nbsp;<\/p>\n<p>En una de las entrevistas que te hemos hecho anteriormente, hablas del agradecimiento a Manolo Cerd\u00e1, \u00c1lvaro, Rebeca, Ra\u00fal\u2026 Hablas de mi Banda de mis m\u00fasicos\u2026<\/p>\n<p>Perece que Manolo y t\u00fa coincid\u00eds en afirmar que se est\u00e1 formando una pi\u00f1a para afrontar proyectos m\u00e1s elevados (Manolo)\u00a0 Se ha creado una buena armon\u00eda (Pere) y dices estar muy contento y satisfecho de todos.<\/p>\n<p>&nbsp;<\/p>\n<p>Ante todo lo le\u00eddo anteriormente. Preguntamos:<\/p>\n<p>&nbsp;<\/p>\n<p><strong>-\u00bfQue te ha llevado a dejar el cargo como director titular de la Banda?<\/strong><\/p>\n<p>&nbsp;<\/p>\n<p>-Las sociedades musicales junto con los directores cumplen unos ciclos y esos ciclos muchas veces no se pueden prevenir.<\/p>\n<p>&nbsp;<\/p>\n<p>Hay que recalcar que esta Sociedad Musical, la Banda SEM Sta Cecilia de L\u2019Oller\u00eda, desde el primer momento que llegu\u00e9 no ha parado de trabajar a un nivel bastante r\u00e1pido y elevado. En un periodo de cerca a 5 a\u00f1os hemos realizado much\u00edsimos proyectos como:<\/p>\n<p>&nbsp;<\/p>\n<p>Concierto Band a Band Grupo M\u00fasica folk \u201cOSKORRI\u201d con mas de 700 personas de p\u00fablico<\/p>\n<p>Estreno en Espa\u00f1a del Concierto ELEGY para Viola y Banda Sinf\u00f3nica del compositor Austriaco Thomas Doss junto a Pilar Mar\u00edn Peyrol\u00f3n (Viola Solista de la Orquesta de Valencia)<\/p>\n<p>Actuaci\u00f3n en el Palau de la M\u00fasica de Valencia, junto con los Coros infantiles de la Escuela de M\u00fasica, y m\u00e1s de 200 Coralistas de la Comunidad Valenciana, interpretando m\u00fasica de Sa\u00fal G\u00f3mez Soler.<\/p>\n<p>La edici\u00f3n de CD \u2013 DVD. de este concierto del Palau.<strong> <\/strong><\/p>\n<p>Estreno de la Obra El Tri\u00e1ngulo de las Bermudas de Jos\u00e9 Alberto Pina Picazo, Editada en el CD del Palau de la M\u00fasica y seleccionada como ejemplo de la interpretaci\u00f3n por la Editorial Holandesa Molennar.<\/p>\n<p>Estreno del Pasodoble \u201cMi Reina Valenciana\u201d de David G\u00f3mez Ram\u00edrez<\/p>\n<p>Estreno en la Comunidad Valenciana de la Suite Sinf\u00f3nica \u201cLa Batalla de Brihuega\u201d de David G\u00f3mez Ram\u00edrez.<\/p>\n<p>Invitaciones de la Banda de varios directores de Prestigio como Enrique Garc\u00eda Asensio y Jos\u00e9 Rafael Pascual Vilaplana.<\/p>\n<p>Participaci\u00f3n en el Certamen Internacional de Bandas de M\u00fasica de Valencia a la secci\u00f3n segunda, con grandes interpretaciones reconocimiento criticas del p\u00fablico y medios de comunicaci\u00f3n\u00a0 en general.<\/p>\n<p>Proyectos. Conciertos de a\u00f1o nuevo como: Concertazo, Recordando a Nino Bravo con la productora Infinity Productions realizado dos veces.<\/p>\n<p>Conciertos. Festivales en varias poblaciones como: Ontinyent, Rafelguaraf, Peniscola y varios proyectos mas.<\/p>\n<p>&nbsp;<\/p>\n<p>Como puedes observar una serie de proyectos que hacen, que la Banda haya vivido muy intensamente este periodo musical.<\/p>\n<p>&nbsp;<\/p>\n<p>Evidentemente, el nivel de la Banda ha cambiado. La sociedad en general ha cambiado\u2026<\/p>\n<p>&nbsp;<\/p>\n<p>Pero yo lo comparo con el arte de la pintura. Un pintor activo, un pintor con objetivos cada vez mas altos, debe de pintar en muchas l\u00e1minas de diferente tama\u00f1o y diferente color\u2026<\/p>\n<p>&nbsp;<\/p>\n<p>Un cambio siempre es a mejor, somos personas y necesitamos cambiar para poder progresar.<\/p>\n<p>&nbsp;<\/p>\n<p>Mi trayectoria en la Banda yo la tengo como muy positiva, para m\u00ed ha marcado much\u00edsimo en mi camino como director. Gracias a la sociedad he podido conocer de buena mano las partituras del compositor local de L\u2019Oller\u00eda, Francesc Cerd\u00e1, en el cual he disfrutado much\u00edsimo haciendo su m\u00fasica, pudi\u00e9ndola llevar hasta la Nacional de Conciertos de Cuba.<\/p>\n<p>&nbsp;<\/p>\n<p>La SEM Sta Cecilia de L\u2019Oller\u00eda, tiene muy buenos m\u00fasicos y sobre todo grandes personas las cuales siempre las llevar\u00e9 en mi recuerdo.<\/p>\n<p>&nbsp;<\/p>\n<p><strong>-\u00bfY si todo va bien, porque terminar?<\/strong><\/p>\n<p>&nbsp;<\/p>\n<p>-Cierto todo ha ido muy bien, y todo ha terminado bien. Lo \u00fanico que por temas un poco profesionales he tenido que despedirme en el concierto del Coro polif\u00f3nico de la Sociedad Musical, ya que tambi\u00e9n he sido director titular de esa formaci\u00f3n.<\/p>\n<p><strong>\u00a0<\/strong><\/p>\n<p><strong>-\u00bfEs verdad que se terminan los ciclos? <\/strong><\/p>\n<p>&nbsp;<\/p>\n<p>-Si. Los ciclos no se pueden determinar ni programar, mi ciclo yo ya lo hab\u00eda meditado este verano 2012.<\/p>\n<p>&nbsp;<\/p>\n<p><strong>-Con la direcci\u00f3n del Coro el d\u00eda de la Trobada, parece que has terminado tu relaci\u00f3n con la SEM Santa Cecilia de L\u2019Oller\u00eda.<\/strong><\/p>\n<p><strong>\u00a0\u00a0\u00a0\u00a0\u00a0\u00a0\u00a0\u00a0\u00a0\u00a0\u00a0 \u00a0\u00a0\u00a0\u00a0 \u00bfQu\u00e9 deseas a\u00f1adir?<\/strong><\/p>\n<p>&nbsp;<\/p>\n<p>&#8211;\u00a0\u00a0\u00a0\u00a0\u00a0\u00a0\u00a0\u00a0\u00a0 Solo apuntar una cosa, yo no termino mi relaci\u00f3n con la SEM Sta Cecilia, s\u00f3lo dejo el cargo como director titular. En la Banda he hecho muy buenos amigos y grandes personas y siempre estar\u00e9 unido.<\/p>\n<p>Lo \u00fanico que puedo a\u00f1adir es que mi paso por la Banda ha sido magn\u00edfico.<\/p>\n<p>&nbsp;<\/p>\n<p>La Sociedad Musical siempre me tendr\u00e1 para todo aquello que me necesite. Siempre les tendr\u00e9 un gran cari\u00f1o.<\/p>\n<p>&nbsp;<\/p>\n<p><strong>\u00a0\u00a0\u00a0\u00a0\u00a0\u00a0 -Suerte pues para el director Pere Molina y para la m\u00e1s que centenaria Sociedad Escuela Musical Santa Cecilia de L\u2019Oller\u00eda.<\/strong><\/p>\n<p><strong>\u00a0<\/strong><\/p>\n<p>Pepe Aparici<\/p>\n<p>L\u2019Oller\u00eda 6 de noviembre de 2012<\/p>\n<p>&nbsp;<\/p>\n","protected":false},"excerpt":{"rendered":"<p>EL MAESTRO PERE MOLINA DEJA EL CARGO DE DIRECTOR DE LA SEM. SANTA CECILIA DE L\u2019OLLERIA &nbsp; El 11 de junio de 2008, entrevistamos a Pere Molina con motivo de su toma de posesi\u00f3n como nuevo director titular de la SEM Santa Cecilia de L\u2019Oller\u00eda. En dicha entrevista, nos hablaba de la ilusi\u00f3n con la [&hellip;]<\/p>\n","protected":false},"author":2,"featured_media":0,"comment_status":"closed","ping_status":"open","sticky":false,"template":"","format":"standard","meta":{"_monsterinsights_skip_tracking":false,"_monsterinsights_sitenote_active":false,"_monsterinsights_sitenote_note":"","_monsterinsights_sitenote_category":0},"categories":[16,12],"tags":[411,410,409,167],"_links":{"self":[{"href":"http:\/\/www.portaldelolleria.es\/index.php?rest_route=\/wp\/v2\/posts\/1624"}],"collection":[{"href":"http:\/\/www.portaldelolleria.es\/index.php?rest_route=\/wp\/v2\/posts"}],"about":[{"href":"http:\/\/www.portaldelolleria.es\/index.php?rest_route=\/wp\/v2\/types\/post"}],"author":[{"embeddable":true,"href":"http:\/\/www.portaldelolleria.es\/index.php?rest_route=\/wp\/v2\/users\/2"}],"replies":[{"embeddable":true,"href":"http:\/\/www.portaldelolleria.es\/index.php?rest_route=%2Fwp%2Fv2%2Fcomments&post=1624"}],"version-history":[{"count":2,"href":"http:\/\/www.portaldelolleria.es\/index.php?rest_route=\/wp\/v2\/posts\/1624\/revisions"}],"predecessor-version":[{"id":1645,"href":"http:\/\/www.portaldelolleria.es\/index.php?rest_route=\/wp\/v2\/posts\/1624\/revisions\/1645"}],"wp:attachment":[{"href":"http:\/\/www.portaldelolleria.es\/index.php?rest_route=%2Fwp%2Fv2%2Fmedia&parent=1624"}],"wp:term":[{"taxonomy":"category","embeddable":true,"href":"http:\/\/www.portaldelolleria.es\/index.php?rest_route=%2Fwp%2Fv2%2Fcategories&post=1624"},{"taxonomy":"post_tag","embeddable":true,"href":"http:\/\/www.portaldelolleria.es\/index.php?rest_route=%2Fwp%2Fv2%2Ftags&post=1624"}],"curies":[{"name":"wp","href":"https:\/\/api.w.org\/{rel}","templated":true}]}}