{"id":16684,"date":"2017-04-03T18:05:23","date_gmt":"2017-04-03T16:05:23","guid":{"rendered":"http:\/\/www.portaldelolleria.es\/?p=16684"},"modified":"2017-04-03T18:05:23","modified_gmt":"2017-04-03T16:05:23","slug":"alumnos-del-campus-de-alcoi-exponen-en-la-feria-de-milan","status":"publish","type":"post","link":"http:\/\/www.portaldelolleria.es\/?p=16684","title":{"rendered":"Alumnos del Campus de Alcoi exponen en la Feria de Mil\u00e1n"},"content":{"rendered":"<p><a href=\"http:\/\/www.portaldelolleria.es\/wp-content\/uploads\/2017\/04\/Stand-Feria1.jpg\"><img loading=\"lazy\" class=\"aligncenter size-full wp-image-16686\" title=\"Stand Feria1\" src=\"http:\/\/www.portaldelolleria.es\/wp-content\/uploads\/2017\/04\/Stand-Feria1.jpg\" alt=\"\" width=\"598\" height=\"388\" srcset=\"http:\/\/www.portaldelolleria.es\/wp-content\/uploads\/2017\/04\/Stand-Feria1.jpg 598w, http:\/\/www.portaldelolleria.es\/wp-content\/uploads\/2017\/04\/Stand-Feria1-300x194.jpg 300w\" sizes=\"(max-width: 598px) 100vw, 598px\" \/><\/a><\/p>\n<p>&nbsp;<\/p>\n<p style=\"text-align: justify;\"><strong>40 Alumnos de diferentes ingenier\u00edas del Campus de Alcoy de la UPV exponen en la Feria Internacional de Mil\u00e1n<\/strong><\/p>\n<ul style=\"text-align: justify;\">\n<li><strong>La 8\u00aa edici\u00f3n del VENTURA LAMBRATE, que se celebra desde el 4 al 9 de abril,\u00a0 acoger\u00e1 por segunda vez los trabajos realizados por los alumnos del campus.<\/strong><\/li>\n<li><strong>Nueve, ser\u00e1n los proyectos presentados dentro del \u201cPrograma Retos\u201d en el que participan alumnos de diferentes ingenier\u00edas.<br \/>\n<\/strong><\/li>\n<\/ul>\n<p style=\"text-align: justify;\">Los 40 alumnos pertenecientes a los Grados de Ingenier\u00eda en Dise\u00f1o Industrial y\u00a0 Desarrollo de Productos, Ingenier\u00eda El\u00e9ctrica, Ingenier\u00eda Inform\u00e1tica y el Grado en Ingenier\u00eda Mec\u00e1nica del Campus d\u2019Alcoi de la Universitat Polit\u00e8cnica de Val\u00e8ncia (UPV), tutelados por cinco profesores y todos ellos coordinados, al igual que el a\u00f1o pasado\u00a0 por el profesor \u00a0Juan Francisco Pic\u00f3, viajan a Mil\u00e1n para participar en la 8\u00aa edici\u00f3n de Ventura Lambrate, una Feria \u201calternativa\u201d\u00a0 para dise\u00f1adores y\u00a0 Escuelas de Dise\u00f1o\u00a0 que se celebra Fuori Salone, coincidiendo con \u00a0la Feria Oficial del Mueble de Mil\u00e1n, que se celebra desde el 4 al 9 de este mes de abril.<\/p>\n<p style=\"text-align: justify;\"><strong>Programa Retos<\/strong><\/p>\n<p style=\"text-align: justify;\">En Mil\u00e1n expondr\u00e1n la <strong><em>COL.MIRACLE<\/em><\/strong>, trabajo realizado dentro del <strong><em>\u201cPrograma Retos\u201d,<\/em><\/strong> y que consiste en un workshop, cuya principal finalidad\u00a0 es la de desarrollar un proyecto aplicando la metodolog\u00eda de trabajo en grupo entre distintos grados del Campus d\u2019Alcoi de la UPV.<\/p>\n<p style=\"text-align: justify;\">En ediciones anteriores, \u00fanicamente hab\u00edan participado alumnos del Grado en Ingenier\u00eda en \u00a0Dise\u00f1o Industrial y Desarrollo de Productos, ya fuera en NUDE de Valencia, o la edici\u00f3n de Milano Workshop, este a\u00f1o, bajo el nombre de <strong>RETOS<\/strong>, se han convertido en una actividad multidisciplinar.<\/p>\n<p style=\"text-align: justify;\">Con este prop\u00f3sito, los alumnos han\u00a0 experimentado las diferentes fases del proyecto, desde la ideaci\u00f3n y creaci\u00f3n, y algo innovador como la incorporaci\u00f3n de elementos el\u00e9ctricos y electr\u00f3nicos, hasta la fabricaci\u00f3n, sin renunciar al dise\u00f1o. El objetivo era el llegar a la <strong>Feria Ventura Lambrate<\/strong>, como una experiencia enriquecedora para el alumnado, teniendo un contacto real con el mundo profesional.<\/p>\n<p style=\"text-align: justify;\"><strong>La colecci\u00f3n<\/strong><\/p>\n<p style=\"text-align: justify;\">KUBIK<\/p>\n<p style=\"text-align: justify;\">Sill\u00f3n de forma c\u00fabica apto tanto para el descanso como para el trabajo gracias a su doble respaldo y a la mesita (intercambiable para adaptarse a personas zurdas y diestras). Adem\u00e1s, cuenta con componentes electr\u00f3nicos que permiten la carga inal\u00e1mbrica de dispositivos m\u00f3viles, as\u00ed como la carga mediante enchufes y la conexi\u00f3n de varios USB.<\/p>\n<p style=\"text-align: justify;\">T2<\/p>\n<p style=\"text-align: justify;\">Es una mesa pensada para entornos de trabajo en interiores. Presenta dos posiciones diferentes, que permiten al usuario tener m\u00e1s espacio y trabajar tanto sentado como de pie.<\/p>\n<p style=\"text-align: justify;\">La base de la mesa est\u00e1 hecha de acero. Su forma pentagonal, de madera de haya es ajustable.<\/p>\n<p style=\"text-align: justify;\">S5<\/p>\n<p style=\"text-align: justify;\">Taburete hecho en madera de haya. La altura de 40 cm hace que sea f\u00e1cil de trabajar c\u00f3modamente y su forma pentagonal es una combinaci\u00f3n perfecta para la mesa. Una hendidura o surco calado sobre la superficie le ayudar\u00e1 a llevarlo f\u00e1cilmente.<\/p>\n<p style=\"text-align: justify;\">OFFICE-NATUR<\/p>\n<p style=\"text-align: justify;\">Un dise\u00f1o de tejido para tapicer\u00eda con alta densidad de trama y urdimbre, con acabado anti manchas alta resistencia al pilling y a los rozamientos habituales en superficies tapizadas para ciertas tipolog\u00edas de mobiliario.<\/p>\n<p style=\"text-align: justify;\">Ideaci\u00f3n de muestrario de telas 100% algod\u00f3n tintadas a base de extractos naturales provenientes de partes desechables de diversos vegetales como son el hueso de aguacate o la piel de cebolla. Le acompa\u00f1a un sencillo y delicado dise\u00f1o de estampado \u00edntimamente relacionado con la suave gama crom\u00e1tica obtenida.<\/p>\n<p style=\"text-align: justify;\">FORTEZZA<\/p>\n<p style=\"text-align: justify;\">Colecci\u00f3n de mobiliario urbano, propone un nuevo concepto de uso para exterior. Su versatilidad permite crear nuevas \u00e1reas y zonas de descanso al aire libre.<\/p>\n<p style=\"text-align: justify;\">Sus formas l\u00f3gicas y simples presentan una combinaci\u00f3n integrada de nuevos materiales como el aluminio y el polipropileno no empleados habitualmente en este tipo de mobiliario.<\/p>\n<p style=\"text-align: justify;\">MOBBO<\/p>\n<p style=\"text-align: justify;\">Las oficinas de hoy han cambiado. Hay espacios ambientados para todo tipo de necesidades seg\u00fan el trabajo a realizar y en base a los lugares donde se desarrolla.<\/p>\n<p style=\"text-align: justify;\">Mobile Book Box Office nace como reflejo del dinamismo que hoy en d\u00eda se pretende conseguir en el trabajo; de no tener un puesto fijo y aburrido, trabajar en distintos ambientes y siempre llevar contigo lo que necesitas.<\/p>\n<p style=\"text-align: justify;\">CERVEPSA<\/p>\n<p style=\"text-align: justify;\">Se compone de una serie de vasos con diferentes formas para que disfrute de una refrescante cerveza. Tambi\u00e9n incorpora una botella que cambia el color dependiendo de la temperatura.<\/p>\n<p style=\"text-align: justify;\">El dise\u00f1o de algunos accesorios tales como un soporte y una bandeja individual para apoyar los vasos, evita que su contenido se derrame.<\/p>\n<p style=\"text-align: justify;\">Los retos se completan con el trabajo realizado por el Grupo de Comunicaci\u00f3n, creado para dise\u00f1ar su propio blog, dinamizando a la vez sus redes sociales y el Grupo que ha dise\u00f1ado el stand para la feria.<\/p>\n<p style=\"text-align: justify;\"><strong>Empresas colaboradoras<\/strong><\/p>\n<p style=\"text-align: justify;\">Los proyectos, se han podido llevar a cabo, gracias a la colaboraci\u00f3n de las siguientes empresas, Actiu, Mayans, \u00a0CLR, Compa\u00f1\u00eda Levantina de Reductores, Ventacan, y con el respaldo del Programa Generaci\u00f3n Espont\u00e1nea de la Universitat Polit\u00e8cnica de Val\u00e8ncia (UPV).<\/p>\n<p style=\"text-align: justify;\"><a href=\"http:\/\/www.portaldelolleria.es\/wp-content\/uploads\/2017\/04\/Stand-Feria.jpg\"><img loading=\"lazy\" class=\"aligncenter size-full wp-image-16685\" title=\"Stand Feria\" src=\"http:\/\/www.portaldelolleria.es\/wp-content\/uploads\/2017\/04\/Stand-Feria.jpg\" alt=\"\" width=\"598\" height=\"368\" srcset=\"http:\/\/www.portaldelolleria.es\/wp-content\/uploads\/2017\/04\/Stand-Feria.jpg 598w, http:\/\/www.portaldelolleria.es\/wp-content\/uploads\/2017\/04\/Stand-Feria-300x184.jpg 300w\" sizes=\"(max-width: 598px) 100vw, 598px\" \/><\/a><\/p>\n","protected":false},"excerpt":{"rendered":"<p>&nbsp; 40 Alumnos de diferentes ingenier\u00edas del Campus de Alcoy de la UPV exponen en la Feria Internacional de Mil\u00e1n La 8\u00aa edici\u00f3n del VENTURA LAMBRATE, que se celebra desde el 4 al 9 de abril,\u00a0 acoger\u00e1 por segunda vez los trabajos realizados por los alumnos del campus. Nueve, ser\u00e1n los proyectos presentados dentro del [&hellip;]<\/p>\n","protected":false},"author":1,"featured_media":0,"comment_status":"closed","ping_status":"open","sticky":false,"template":"","format":"standard","meta":{"_monsterinsights_skip_tracking":false,"_monsterinsights_sitenote_active":false,"_monsterinsights_sitenote_note":"","_monsterinsights_sitenote_category":0},"categories":[12,1058],"tags":[],"_links":{"self":[{"href":"http:\/\/www.portaldelolleria.es\/index.php?rest_route=\/wp\/v2\/posts\/16684"}],"collection":[{"href":"http:\/\/www.portaldelolleria.es\/index.php?rest_route=\/wp\/v2\/posts"}],"about":[{"href":"http:\/\/www.portaldelolleria.es\/index.php?rest_route=\/wp\/v2\/types\/post"}],"author":[{"embeddable":true,"href":"http:\/\/www.portaldelolleria.es\/index.php?rest_route=\/wp\/v2\/users\/1"}],"replies":[{"embeddable":true,"href":"http:\/\/www.portaldelolleria.es\/index.php?rest_route=%2Fwp%2Fv2%2Fcomments&post=16684"}],"version-history":[{"count":2,"href":"http:\/\/www.portaldelolleria.es\/index.php?rest_route=\/wp\/v2\/posts\/16684\/revisions"}],"predecessor-version":[{"id":16693,"href":"http:\/\/www.portaldelolleria.es\/index.php?rest_route=\/wp\/v2\/posts\/16684\/revisions\/16693"}],"wp:attachment":[{"href":"http:\/\/www.portaldelolleria.es\/index.php?rest_route=%2Fwp%2Fv2%2Fmedia&parent=16684"}],"wp:term":[{"taxonomy":"category","embeddable":true,"href":"http:\/\/www.portaldelolleria.es\/index.php?rest_route=%2Fwp%2Fv2%2Fcategories&post=16684"},{"taxonomy":"post_tag","embeddable":true,"href":"http:\/\/www.portaldelolleria.es\/index.php?rest_route=%2Fwp%2Fv2%2Ftags&post=16684"}],"curies":[{"name":"wp","href":"https:\/\/api.w.org\/{rel}","templated":true}]}}